{"id":100072,"date":"2017-08-15T17:48:11","date_gmt":"2017-08-15T20:48:11","guid":{"rendered":"http:\/\/prensa.mendoza.gov.ar\/?p=100072"},"modified":"2017-08-15T17:48:11","modified_gmt":"2017-08-15T20:48:11","slug":"enfermedades-neuromusculares-pediatricas-se-abordaran-en-evento-organizado-por-osep","status":"publish","type":"post","link":"https:\/\/www.mendoza.gov.ar\/prensa\/enfermedades-neuromusculares-pediatricas-se-abordaran-en-evento-organizado-por-osep\/","title":{"rendered":"Enfermedades neuromusculares pedi\u00e1tricas se abordar\u00e1n en encuentro organizado por OSEP"},"content":{"rendered":"<!DOCTYPE html PUBLIC \"-\/\/W3C\/\/DTD HTML 4.0 Transitional\/\/EN\" \"http:\/\/www.w3.org\/TR\/REC-html40\/loose.dtd\">\n<html><body><div id=\"m_-5303698938737409811yiv3541897121yui_3_16_0_ym19_1_1502823318676_10806\">La&nbsp;obra&nbsp;social, a trav&eacute;s del<span id=\"m_-5303698938737409811yiv3541897121yui_3_16_0_ym19_1_1502823318676_10829\">&nbsp;equipo de Neurolog&iacute;a Infantil del Hospital Pedi&aacute;trico Alexander Fleming, organiza&nbsp;<\/span>las Jornadas sobre Enfermedades Neuromuscuales pedi&aacute;tricas.<\/div>\n<div><\/div>\n<div>El encuentro se realizar&aacute; el viernes 18 de agosto desde las 9 en el edificio Xeltahuina de OSEP, Salta 877 de Ciudad.<\/div>\n<div><\/div>\n<div>En esta oportunidad participar&aacute;, especialmente invitado, el equipo multidisciplinario de Enfermedades Neuromusculares del Hospital de Pediatr&iacute;a Dr. Juan Pedro Garrahan. Adem&aacute;s, disertar&aacute;n las m&eacute;dicas Soledad Monges, neur&oacute;loga; Fernanda De Castro, pediatra; Ver&oacute;nica Aguerre, neumon&oacute;loga, y la licenciada Julieta Mozzoni, kinesi&oacute;loga.El encuentro estar&aacute; dirigido a m&eacute;dicos, psic&oacute;logos, kinesi&oacute;logos, terapistas ocupacionales, enfermeros, fonoaudi&oacute;logos, psicopedagogos, docentes y p&uacute;blico interesado.Habr&aacute; dos actividades que se extender&aacute;n hasta las 16. La primera, dirigida a profesionales, comenzar&aacute; a las 9 y tendr&aacute; lugar en el SUM I. La segunda comenzar&aacute; a las 14.30 y se desarrollar&aacute; en el SUM II. Se trata de un taller dirigido a la familia y a los pacientes.El encuentro es totalmente gratuito y los interesados podr&aacute;n comunicarse a jornadasneuromusculares2017@gmail.com.\n<\/div>\n<div><\/div>\n<div><a href=\"https:\/\/www.mendoza.gov.ar\/prensa\/wp-content\/uploads\/sites\/23\/afiche-jornada-neuromusculares-01.png\"><img loading=\"lazy\" class=\"alignnone wp-image-100076 img-responsive center-block\" src=\"https:\/\/www.mendoza.gov.ar\/prensa\/wp-content\/uploads\/sites\/23\/afiche-jornada-neuromusculares-01.png\" alt=\"\" width=\"650\" height=\"460\"><\/a><strong>Las enfermedades neuromusculares<\/strong>Son un grupo muy heterog&eacute;neo de patolog&iacute;as. Van desde las que tienen poca relevancia cl&iacute;nica en los pacientes hasta las que son muy degenerativas. Dentro de ellas existen dos grupos: la distrofia muscular de Duchenne y las atrofias musculares espinales.El grupo m&aacute;s frecuente de pacientes es el que padece distrofia general de Duchenne que en la actualidad, con el avance de la ciencia, ha logrado distintos tipos de tratamiento que permiten una mejor calidad de vida.\n<p>La importancia de la jornada radica en la actualizaci&oacute;n y capacitaci&oacute;n de los profesionales, por un lado, y por el otro hacer conocer a los padres sobre el avance&nbsp;de las investigaciones, los abordajes y c&oacute;mo se puede mejorar la calidad de vida de los pacientes.<\/p>\n<p><strong>La situaci&oacute;n de OSEP<\/strong><\/p>\n<p>En la obra social se han realizado muchos cambios alrededor de estas enfermedades.&nbsp;Hay pacientes, con tratamientos de &uacute;ltima generaci&oacute;n, a quienes se les autoriza la medicaci&oacute;n correspondiente.<\/p>\n<p>Por otra parte, se trabaja en el fortalecimiento del v&iacute;nculo entre el paciente y la instituci&oacute;n, debido a que son enfermedades que se diagnostican en su etapa pedi&aacute;trica pero que deben ser abordadas y seguidas despu&eacute;s en la adolescencia y la adultez. Se promueve as&iacute; la adhesi&oacute;n al tratamiento.<\/p>\n<p>Tambi&eacute;n es importante tener en cuenta que cuando los pacientes pasan a la etapa adulta necesitan mucho apoyo respiratorio, ya sea con <em>paf<\/em> o con soporte de respiraci&oacute;n mec&aacute;nica domiciliaria. Este trabajo kinesiol&oacute;gico requiere conocimientos actualizados por parte de las personas que van a domicilio a hacer este trabajo. Es objetivo de las jornadas actualizar las t&eacute;cnicas existentes tanto para los kinesi&oacute;logos como para los familiares.<\/p>\n<\/div>\n<\/body><\/html>\n","protected":false},"excerpt":{"rendered":"Las jornadas se desarrollar\u00e1n el pr\u00f3ximo viernes 18 de agosto en el edificio Xeltahuina, Salta 877, de Ciudad. Estar\u00e1n dirigidas a m\u00e9dicos, psic\u00f3logos, kinesi\u00f3logos, terapistas ocupacionales, enfermeros, fonoaudi\u00f3logos, psicopedagogos, docentes y p\u00fablico interesado.","protected":false},"author":2,"featured_media":0,"comment_status":"open","ping_status":"open","sticky":false,"template":"","format":"standard","meta":[],"categories":[30],"tags":[],"_links":{"self":[{"href":"https:\/\/www.mendoza.gov.ar\/prensa\/wp-json\/wp\/v2\/posts\/100072"}],"collection":[{"href":"https:\/\/www.mendoza.gov.ar\/prensa\/wp-json\/wp\/v2\/posts"}],"about":[{"href":"https:\/\/www.mendoza.gov.ar\/prensa\/wp-json\/wp\/v2\/types\/post"}],"author":[{"embeddable":true,"href":"https:\/\/www.mendoza.gov.ar\/prensa\/wp-json\/wp\/v2\/users\/2"}],"replies":[{"embeddable":true,"href":"https:\/\/www.mendoza.gov.ar\/prensa\/wp-json\/wp\/v2\/comments?post=100072"}],"version-history":[{"count":0,"href":"https:\/\/www.mendoza.gov.ar\/prensa\/wp-json\/wp\/v2\/posts\/100072\/revisions"}],"wp:attachment":[{"href":"https:\/\/www.mendoza.gov.ar\/prensa\/wp-json\/wp\/v2\/media?parent=100072"}],"wp:term":[{"taxonomy":"category","embeddable":true,"href":"https:\/\/www.mendoza.gov.ar\/prensa\/wp-json\/wp\/v2\/categories?post=100072"},{"taxonomy":"post_tag","embeddable":true,"href":"https:\/\/www.mendoza.gov.ar\/prensa\/wp-json\/wp\/v2\/tags?post=100072"}],"curies":[{"name":"wp","href":"https:\/\/api.w.org\/{rel}","templated":true}]}}