{"id":100236,"date":"2017-08-16T19:14:37","date_gmt":"2017-08-16T22:14:37","guid":{"rendered":"http:\/\/prensa.mendoza.gov.ar\/?p=100236"},"modified":"2017-08-16T19:14:37","modified_gmt":"2017-08-16T22:14:37","slug":"tupungato-celebro-la-semana-de-la-lactancia-y-el-dia-del-nino","status":"publish","type":"post","link":"https:\/\/www.mendoza.gov.ar\/prensa\/tupungato-celebro-la-semana-de-la-lactancia-y-el-dia-del-nino\/","title":{"rendered":"Tupungato celebr\u00f3 la Semana de la Lactancia y el D\u00eda del Ni\u00f1o"},"content":{"rendered":"<!DOCTYPE html PUBLIC \"-\/\/W3C\/\/DTD HTML 4.0 Transitional\/\/EN\" \"http:\/\/www.w3.org\/TR\/REC-html40\/loose.dtd\">\n<html><body><p>La sede de OSEP Tupungato organiz&oacute; junto a la Municipalidad de Tupungato diversas actividades para las afiliadas y p&uacute;blico en general en el marco de la Semana Mundial de la Lactancia.<\/p>\n<p>El Hotel de Turismo de Tupungato fue el lugar elegido para desarrollar la jornada de lactancia. Las actividades se programaron en dos turnos para que nadie se perdiera el taller. De 9 a 12 y de 14 a 17 estuvo presente la licenciada Mariela Battistoni respondiendo todas las consultas y brindando consejos y asesoramiento para vivir una lactancia feliz.<\/p>\n<p>Por otra parte, tambi&eacute;n tuvieron su espacio los m&aacute;s chicos, ya que se adelant&oacute; el festejo por el D&iacute;a del Ni&ntilde;o&nbsp;con la presentaci&oacute;n de obras de teatro para todos los peque&ntilde;os de la comunidad.<\/p>\n<\/body><\/html>\n","protected":false},"excerpt":{"rendered":"Embarazadas y recientes mam\u00e1s participaron en las actividades organizadas por OSEP y el Municipio para resaltar la importancia del amamantamiento. ","protected":false},"author":2,"featured_media":100237,"comment_status":"open","ping_status":"open","sticky":false,"template":"","format":"standard","meta":[],"categories":[30],"tags":[],"_links":{"self":[{"href":"https:\/\/www.mendoza.gov.ar\/prensa\/wp-json\/wp\/v2\/posts\/100236"}],"collection":[{"href":"https:\/\/www.mendoza.gov.ar\/prensa\/wp-json\/wp\/v2\/posts"}],"about":[{"href":"https:\/\/www.mendoza.gov.ar\/prensa\/wp-json\/wp\/v2\/types\/post"}],"author":[{"embeddable":true,"href":"https:\/\/www.mendoza.gov.ar\/prensa\/wp-json\/wp\/v2\/users\/2"}],"replies":[{"embeddable":true,"href":"https:\/\/www.mendoza.gov.ar\/prensa\/wp-json\/wp\/v2\/comments?post=100236"}],"version-history":[{"count":0,"href":"https:\/\/www.mendoza.gov.ar\/prensa\/wp-json\/wp\/v2\/posts\/100236\/revisions"}],"wp:featuredmedia":[{"embeddable":true,"href":"https:\/\/www.mendoza.gov.ar\/prensa\/wp-json\/wp\/v2\/media\/100237"}],"wp:attachment":[{"href":"https:\/\/www.mendoza.gov.ar\/prensa\/wp-json\/wp\/v2\/media?parent=100236"}],"wp:term":[{"taxonomy":"category","embeddable":true,"href":"https:\/\/www.mendoza.gov.ar\/prensa\/wp-json\/wp\/v2\/categories?post=100236"},{"taxonomy":"post_tag","embeddable":true,"href":"https:\/\/www.mendoza.gov.ar\/prensa\/wp-json\/wp\/v2\/tags?post=100236"}],"curies":[{"name":"wp","href":"https:\/\/api.w.org\/{rel}","templated":true}]}}