{"id":100290,"date":"2017-08-18T08:50:56","date_gmt":"2017-08-18T11:50:56","guid":{"rendered":"http:\/\/prensa.mendoza.gov.ar\/?p=100290"},"modified":"2017-08-18T08:50:56","modified_gmt":"2017-08-18T11:50:56","slug":"durante-el-dia-del-nino-los-chicos-viajaran-gratis-en-transporte-publico","status":"publish","type":"post","link":"https:\/\/www.mendoza.gov.ar\/prensa\/durante-el-dia-del-nino-los-chicos-viajaran-gratis-en-transporte-publico\/","title":{"rendered":"Durante el D\u00eda del Ni\u00f1o los chicos viajar\u00e1n gratis en transporte p\u00fablico"},"content":{"rendered":"<!DOCTYPE html PUBLIC \"-\/\/W3C\/\/DTD HTML 4.0 Transitional\/\/EN\" \"http:\/\/www.w3.org\/TR\/REC-html40\/loose.dtd\">\n<html><body><p>Como sucede cada a&ntilde;o, durante el D&iacute;a del Ni&ntilde;o los menores de hasta 12 a&ntilde;os inclusive podr&aacute;n acceder a&nbsp;la gratuidad del boleto en los servicios de transporte que se prestan a nivel urbano y de media y larga distancia. El beneficio comenzar&aacute; a regir a las 8 de la ma&ntilde;ana del domingo y se extender&aacute; hasta las 21.<\/p>\n<p>Esta medida pretende que todos los ni&ntilde;os puedan disfrutar a pleno este d&iacute;a dirigi&eacute;ndose a los espacios p&uacute;blicos y lugares de entretenimiento que hay en la provincia. Es importante destacar que las frecuencias se prestar&aacute;n como d&iacute;a domingo.<\/p>\n<p><strong>Diversi&oacute;n responsable<\/strong><\/p>\n<p>Por su parte, la Unidad Ejecutiva de Seguridad Vial brinda una serie de consejos para que los festejos se desarrollen con normalidad y que las familias de Mendoza puedan disfrutar de una agradable jornada.<\/p>\n<ul>\n<li>Los menores siempre deben viajar en el asiento trasero, sujetos a sus butacas.<\/li>\n<li>Utilizar en todo momento el cintur&oacute;n de seguridad.<\/li>\n<li>Respetar las velocidades establecidas.<\/li>\n<li>No usar el celular.<\/li>\n<\/ul>\n<p>Con la colaboraci&oacute;n de todos los actores que conforman el espacio vial, los accidentes de tr&aacute;nsito se pueden prevenir.<\/p>\n<p><a href=\"https:\/\/www.mendoza.gov.ar\/prensa\/wp-content\/uploads\/sites\/23\/Troles-adentro-2.jpg\"><img loading=\"lazy\" class=\"alignnone wp-image-100293 img-responsive center-block\" src=\"https:\/\/www.mendoza.gov.ar\/prensa\/wp-content\/uploads\/sites\/23\/Troles-adentro-2.jpg\" alt=\"\" width=\"650\" height=\"486\"><\/a><\/p>\n<\/body><\/html>\n","protected":false},"excerpt":{"rendered":"Ser\u00e1 en el servicio urbano y de media y larga distancia. El beneficio regir\u00e1 de 8 a 21.","protected":false},"author":3,"featured_media":100292,"comment_status":"open","ping_status":"open","sticky":false,"template":"","format":"standard","meta":[],"categories":[34],"tags":[],"_links":{"self":[{"href":"https:\/\/www.mendoza.gov.ar\/prensa\/wp-json\/wp\/v2\/posts\/100290"}],"collection":[{"href":"https:\/\/www.mendoza.gov.ar\/prensa\/wp-json\/wp\/v2\/posts"}],"about":[{"href":"https:\/\/www.mendoza.gov.ar\/prensa\/wp-json\/wp\/v2\/types\/post"}],"author":[{"embeddable":true,"href":"https:\/\/www.mendoza.gov.ar\/prensa\/wp-json\/wp\/v2\/users\/3"}],"replies":[{"embeddable":true,"href":"https:\/\/www.mendoza.gov.ar\/prensa\/wp-json\/wp\/v2\/comments?post=100290"}],"version-history":[{"count":0,"href":"https:\/\/www.mendoza.gov.ar\/prensa\/wp-json\/wp\/v2\/posts\/100290\/revisions"}],"wp:featuredmedia":[{"embeddable":true,"href":"https:\/\/www.mendoza.gov.ar\/prensa\/wp-json\/wp\/v2\/media\/100292"}],"wp:attachment":[{"href":"https:\/\/www.mendoza.gov.ar\/prensa\/wp-json\/wp\/v2\/media?parent=100290"}],"wp:term":[{"taxonomy":"category","embeddable":true,"href":"https:\/\/www.mendoza.gov.ar\/prensa\/wp-json\/wp\/v2\/categories?post=100290"},{"taxonomy":"post_tag","embeddable":true,"href":"https:\/\/www.mendoza.gov.ar\/prensa\/wp-json\/wp\/v2\/tags?post=100290"}],"curies":[{"name":"wp","href":"https:\/\/api.w.org\/{rel}","templated":true}]}}