{"id":100311,"date":"2017-08-17T12:41:08","date_gmt":"2017-08-17T15:41:08","guid":{"rendered":"http:\/\/prensa.mendoza.gov.ar\/?p=100311"},"modified":"2017-08-17T17:31:46","modified_gmt":"2017-08-17T20:31:46","slug":"valle-de-uco-capacitacion-abierta-sobre-metodos-de-defensa-contra-heladas","status":"publish","type":"post","link":"https:\/\/www.mendoza.gov.ar\/prensa\/valle-de-uco-capacitacion-abierta-sobre-metodos-de-defensa-contra-heladas\/","title":{"rendered":"Valle de Uco: capacitaci\u00f3n abierta sobre m\u00e9todos de defensa contra heladas"},"content":{"rendered":"<!DOCTYPE html PUBLIC \"-\/\/W3C\/\/DTD HTML 4.0 Transitional\/\/EN\" \"http:\/\/www.w3.org\/TR\/REC-html40\/loose.dtd\">\n<html><body><p>Docentes de la Facultad de Ciencias Agrarias de la Universidad Nacional de Cuyo aportan conocimientos sobre meteorolog&iacute;a, fruticultura y vitivinicultura a productores agr&iacute;colas del Valle de Uco. La transferencia de conocimientos se da en el marco del ciclo de charlas sobre defensa contra las heladas organizado por la Direcci&oacute;n de Agricultura y Contingencias Clim&aacute;ticas (DACC).<\/p>\n<p>El objetivo es difundir informaci&oacute;n sobre nuevas tecnolog&iacute;as para la prevenci&oacute;n del riesgo y la disminuci&oacute;n de los da&ntilde;os de la helada. Se brindan conocimientos sobre los m&eacute;todos pasivos y activos para enfrentar este fen&oacute;meno clim&aacute;tico que afecta regularmente a la producci&oacute;n agr&iacute;cola de Mendoza.<\/p>\n<p>Temas como pron&oacute;stico en primavera, estad&iacute;sticas y toma de denuncias de contingencias ser&aacute;n abordados por la ingeniera agr&oacute;noma Carla Pappalardo, perteneciente a la DACC.<\/p>\n<p>El ingeniero agrario Alejandro Ortega, titular de la c&aacute;tedra de Meteorolog&iacute;a, explicar&aacute; c&oacute;mo se produce el fen&oacute;meno de las heladas en el Valle de Uco y cu&aacute;les son los factores que potencian los efectos en los cultivos. La ingeniera agr&oacute;noma Concepci&oacute;n Arjona, titular de la c&aacute;tedra de Fruticultura, brindar&aacute; conocimientos para el cuidado de las variedades de frutales y sobre manejo del monte en relaci&oacute;n con las heladas. Por su parte, el ingeniero agr&oacute;nomo Francisco G&oacute;mez, de la c&aacute;tedra de Viticultura, ofrecer&aacute; definiciones sobre los da&ntilde;os en los vegetales y pr&aacute;cticas culturales para disminuir potenciales da&ntilde;os.<\/p>\n<p>Tambi&eacute;n se trabajar&aacute; sobre el desarrollo tecnol&oacute;gico y de <em>software<\/em> existente en la actualidad para abordar este fen&oacute;meno natural tan com&uacute;n en la regi&oacute;n del Valle de Uco. Los expositores ser&aacute;n los ingenieros Gabriel Rizzato y Andr&eacute;s Odiard.<\/p>\n<p>Estos encuentros con los productores tambi&eacute;n sirven para brindar informaci&oacute;n precisa sobre c&oacute;mo se deben denunciar los da&ntilde;os por granizo y heladas, los alcances de la Ley de Emergencia Agropecuaria y sobre el nuevo seguro agr&iacute;cola, que comenzar&aacute; a regir este mes. Sebasti&aacute;n Lazza ser&aacute; el encargado de despejar todas las inquietudes y brindar claridad sobre estos temas.<\/p>\n<p>El viernes 18 de agosto la capacitaci&oacute;n se realizar&aacute; en el Hotel Turismo de Tupungato, ubicado en calle Belgrano 1060, de 15 a 18.<\/p>\n<p>En Tunuy&aacute;n, se realizar&aacute; el viernes 25 y el lugar ser&aacute; confirmado en los pr&oacute;ximos d&iacute;as.<\/p>\n<\/body><\/html>\n","protected":false},"excerpt":{"rendered":"La Direcci\u00f3n Agricultura y Contingencias Clim\u00e1ticas organiza este ciclo que se ha desarrollado en toda la provincia. El viernes 18 ser\u00e1 en Tupungato y el viernes 25 en Tunuy\u00e1n.","protected":false},"author":2,"featured_media":100328,"comment_status":"open","ping_status":"open","sticky":false,"template":"","format":"standard","meta":[],"categories":[1],"tags":[],"_links":{"self":[{"href":"https:\/\/www.mendoza.gov.ar\/prensa\/wp-json\/wp\/v2\/posts\/100311"}],"collection":[{"href":"https:\/\/www.mendoza.gov.ar\/prensa\/wp-json\/wp\/v2\/posts"}],"about":[{"href":"https:\/\/www.mendoza.gov.ar\/prensa\/wp-json\/wp\/v2\/types\/post"}],"author":[{"embeddable":true,"href":"https:\/\/www.mendoza.gov.ar\/prensa\/wp-json\/wp\/v2\/users\/2"}],"replies":[{"embeddable":true,"href":"https:\/\/www.mendoza.gov.ar\/prensa\/wp-json\/wp\/v2\/comments?post=100311"}],"version-history":[{"count":1,"href":"https:\/\/www.mendoza.gov.ar\/prensa\/wp-json\/wp\/v2\/posts\/100311\/revisions"}],"predecessor-version":[{"id":100329,"href":"https:\/\/www.mendoza.gov.ar\/prensa\/wp-json\/wp\/v2\/posts\/100311\/revisions\/100329"}],"wp:featuredmedia":[{"embeddable":true,"href":"https:\/\/www.mendoza.gov.ar\/prensa\/wp-json\/wp\/v2\/media\/100328"}],"wp:attachment":[{"href":"https:\/\/www.mendoza.gov.ar\/prensa\/wp-json\/wp\/v2\/media?parent=100311"}],"wp:term":[{"taxonomy":"category","embeddable":true,"href":"https:\/\/www.mendoza.gov.ar\/prensa\/wp-json\/wp\/v2\/categories?post=100311"},{"taxonomy":"post_tag","embeddable":true,"href":"https:\/\/www.mendoza.gov.ar\/prensa\/wp-json\/wp\/v2\/tags?post=100311"}],"curies":[{"name":"wp","href":"https:\/\/api.w.org\/{rel}","templated":true}]}}