{"id":100514,"date":"2017-08-18T16:48:32","date_gmt":"2017-08-18T19:48:32","guid":{"rendered":"http:\/\/prensa.mendoza.gov.ar\/?p=100514"},"modified":"2017-08-18T16:48:32","modified_gmt":"2017-08-18T19:48:32","slug":"plantaran-mas-de-1000-arboles-en-el-parque-general-san-martin","status":"publish","type":"post","link":"https:\/\/www.mendoza.gov.ar\/prensa\/plantaran-mas-de-1000-arboles-en-el-parque-general-san-martin\/","title":{"rendered":"Plantar\u00e1n m\u00e1s de 1000  \u00e1rboles en el Parque General San Mart\u00edn"},"content":{"rendered":"<!DOCTYPE html PUBLIC \"-\/\/W3C\/\/DTD HTML 4.0 Transitional\/\/EN\" \"http:\/\/www.w3.org\/TR\/REC-html40\/loose.dtd\">\n<html><body><p>Agosto es el mes del &aacute;rbol. Por esta raz&oacute;n la provincia realiza diversas actividades para generar conciencia sobre la importancia que tienen los &aacute;rboles para la vida en el planeta.<\/p>\n<p>La Secretar&iacute;a de Ambiente y Ordenamiento Territorial, por intermedio de la Direcci&oacute;n de Parques y Paseos P&uacute;blicos, como as&iacute; tambi&eacute;n de la Direcci&oacute;n de Recursos Naturales Renovables, convoca a los mendocinos a ser part&iacute;cipes y protagonistas de la plantaci&oacute;n de m&aacute;s de 1000 forestales que tendr&aacute; lugar el s&aacute;bado 19, a partir de las 11, en el Prado Espa&ntilde;ol del Parque General San Mart&iacute;n.<\/p>\n<p>Ser&aacute; una jornada para toda la familia, en donde se podr&aacute; disfrutar de sectores gastron&oacute;micos, m&uacute;sica al aire libre, espect&aacute;culos para los m&aacute;s chicos y un cierre recreativo en donde se entregar&aacute; a los presentes un forestal para plantarlo en el Parque con la coordinaci&oacute;n del Departamento de Forestaci&oacute;n.<\/p>\n<p>&nbsp;<\/p>\n<\/body><\/html>\n","protected":false},"excerpt":{"rendered":"La Secretar\u00eda de Ambiente y Ordenamiento Territorial convoca a las familias mendocinas a participar de la plantaci\u00f3n de forestales que se realizar\u00e1 este s\u00e1bado 19 de agosto a partir de las 11 en Prado Espa\u00f1ol del Parque. ","protected":false},"author":3,"featured_media":100515,"comment_status":"open","ping_status":"open","sticky":false,"template":"","format":"standard","meta":[],"categories":[3],"tags":[],"_links":{"self":[{"href":"https:\/\/www.mendoza.gov.ar\/prensa\/wp-json\/wp\/v2\/posts\/100514"}],"collection":[{"href":"https:\/\/www.mendoza.gov.ar\/prensa\/wp-json\/wp\/v2\/posts"}],"about":[{"href":"https:\/\/www.mendoza.gov.ar\/prensa\/wp-json\/wp\/v2\/types\/post"}],"author":[{"embeddable":true,"href":"https:\/\/www.mendoza.gov.ar\/prensa\/wp-json\/wp\/v2\/users\/3"}],"replies":[{"embeddable":true,"href":"https:\/\/www.mendoza.gov.ar\/prensa\/wp-json\/wp\/v2\/comments?post=100514"}],"version-history":[{"count":0,"href":"https:\/\/www.mendoza.gov.ar\/prensa\/wp-json\/wp\/v2\/posts\/100514\/revisions"}],"wp:featuredmedia":[{"embeddable":true,"href":"https:\/\/www.mendoza.gov.ar\/prensa\/wp-json\/wp\/v2\/media\/100515"}],"wp:attachment":[{"href":"https:\/\/www.mendoza.gov.ar\/prensa\/wp-json\/wp\/v2\/media?parent=100514"}],"wp:term":[{"taxonomy":"category","embeddable":true,"href":"https:\/\/www.mendoza.gov.ar\/prensa\/wp-json\/wp\/v2\/categories?post=100514"},{"taxonomy":"post_tag","embeddable":true,"href":"https:\/\/www.mendoza.gov.ar\/prensa\/wp-json\/wp\/v2\/tags?post=100514"}],"curies":[{"name":"wp","href":"https:\/\/api.w.org\/{rel}","templated":true}]}}