{"id":100543,"date":"2017-08-20T12:21:48","date_gmt":"2017-08-20T15:21:48","guid":{"rendered":"http:\/\/prensa.mendoza.gov.ar\/?p=100543"},"modified":"2017-08-20T12:21:48","modified_gmt":"2017-08-20T15:21:48","slug":"relevan-datos-para-mejorar-la-competitividad-de-mendoza-en-el-mercado-de-la-carne-porcina","status":"publish","type":"post","link":"https:\/\/www.mendoza.gov.ar\/prensa\/relevan-datos-para-mejorar-la-competitividad-de-mendoza-en-el-mercado-de-la-carne-porcina\/","title":{"rendered":"Relevan datos para mejorar la competitividad de Mendoza en el mercado de la carne porcina"},"content":{"rendered":"<!DOCTYPE html PUBLIC \"-\/\/W3C\/\/DTD HTML 4.0 Transitional\/\/EN\" \"http:\/\/www.w3.org\/TR\/REC-html40\/loose.dtd\">\n<html><body><p>En primera instancia, el diagn&oacute;stico arroj&oacute; la necesidad de generar informaci&oacute;n estad&iacute;stica genuina de todo el sector productivo para, de all&iacute;, crear planes que potencien y fortalezcan la producci&oacute;n de cerdos. Los datos que maneja el Cl&uacute;ster Ganadero evidencian un crecimiento del sector y destaca que en Mendoza s&oacute;lo se produce el 10% del consumo interno, que es de 14 kilogramos per c&aacute;pita. Otra referencia que se tiene es que la provincia posee el 1% del stock de cerdos del pa&iacute;s.<\/p>\n<p>En el foro, surgi&oacute; la necesidad de promover el asociativismo e integraci&oacute;n entre los productores como elemento primordial para el fortalecimiento del sector. Durante el encuentro se detectaron, adem&aacute;s, bajos &iacute;ndices productivos debido a la falta de capacitaci&oacute;n e infraestructura. Los espacios de desarrollo que acordaron para seguir una l&iacute;nea de trabajo apuntan a crear herramientas para la mejora productiva, tales como extensi&oacute;n territorial y transferencia tecnol&oacute;gica.<\/p>\n<p>Asimismo, se plante&oacute; la necesidad de crear un programa de mejora gen&eacute;tica y un marco regulatorio y legar para la instalaci&oacute;n de granjas porcinas, ya&nbsp;que no existe una ley que regule el ordenamiento territorial en este aspecto.<\/p>\n<p>El pr&oacute;ximo 20 de setiembre se realizar&aacute; en el Valle de Uco el segundo foro en el que se pondr&aacute;n a consideraci&oacute;n las metas, visi&oacute;n y misi&oacute;n que se trabajar&aacute;n en adelante.<\/p>\n<\/body><\/html>\n","protected":false},"excerpt":{"rendered":"El crecimiento sostenido de la producci\u00f3n y el consumo de cerdos que se evidencia en Mendoza fue el motor para que m\u00e1s de un centenar de productores asistieran al foro porcino al que convoc\u00f3 el Gobierno provincial en Santa Rosa. Comienzan a delinear un plan de mejoramiento competitivo para el sector.","protected":false},"author":3,"featured_media":100544,"comment_status":"open","ping_status":"open","sticky":false,"template":"","format":"standard","meta":[],"categories":[1],"tags":[],"_links":{"self":[{"href":"https:\/\/www.mendoza.gov.ar\/prensa\/wp-json\/wp\/v2\/posts\/100543"}],"collection":[{"href":"https:\/\/www.mendoza.gov.ar\/prensa\/wp-json\/wp\/v2\/posts"}],"about":[{"href":"https:\/\/www.mendoza.gov.ar\/prensa\/wp-json\/wp\/v2\/types\/post"}],"author":[{"embeddable":true,"href":"https:\/\/www.mendoza.gov.ar\/prensa\/wp-json\/wp\/v2\/users\/3"}],"replies":[{"embeddable":true,"href":"https:\/\/www.mendoza.gov.ar\/prensa\/wp-json\/wp\/v2\/comments?post=100543"}],"version-history":[{"count":0,"href":"https:\/\/www.mendoza.gov.ar\/prensa\/wp-json\/wp\/v2\/posts\/100543\/revisions"}],"wp:featuredmedia":[{"embeddable":true,"href":"https:\/\/www.mendoza.gov.ar\/prensa\/wp-json\/wp\/v2\/media\/100544"}],"wp:attachment":[{"href":"https:\/\/www.mendoza.gov.ar\/prensa\/wp-json\/wp\/v2\/media?parent=100543"}],"wp:term":[{"taxonomy":"category","embeddable":true,"href":"https:\/\/www.mendoza.gov.ar\/prensa\/wp-json\/wp\/v2\/categories?post=100543"},{"taxonomy":"post_tag","embeddable":true,"href":"https:\/\/www.mendoza.gov.ar\/prensa\/wp-json\/wp\/v2\/tags?post=100543"}],"curies":[{"name":"wp","href":"https:\/\/api.w.org\/{rel}","templated":true}]}}