{"id":100546,"date":"2017-08-19T07:00:17","date_gmt":"2017-08-19T10:00:17","guid":{"rendered":"http:\/\/prensa.mendoza.gov.ar\/?p=100546"},"modified":"2017-08-19T07:00:17","modified_gmt":"2017-08-19T10:00:17","slug":"las-obras-del-hospital-arturo-illia-tienen-un-13-de-avance","status":"publish","type":"post","link":"https:\/\/www.mendoza.gov.ar\/prensa\/las-obras-del-hospital-arturo-illia-tienen-un-13-de-avance\/","title":{"rendered":"Las obras del hospital Arturo Illia tienen un 13% de avance"},"content":{"rendered":"<!DOCTYPE html PUBLIC \"-\/\/W3C\/\/DTD HTML 4.0 Transitional\/\/EN\" \"http:\/\/www.w3.org\/TR\/REC-html40\/loose.dtd\">\n<html><body><p>El Ministerio de Econom&iacute;a, Infraestructura y Energ&iacute;a trabaja en la ejecuci&oacute;n de un programa de obras cuya finalidad es priorizar la infraestructura destinada a la prestaci&oacute;n de servicios. En este marco se defini&oacute; ampliar el proyecto de obra de la Unidad de Diagn&oacute;stico Intensivo para La Paz y convertirlo en el nuevo hospital Arturo Illia.<\/p>\n<p>La obra que posee un 13% de avance, se desarrollar&aacute; en dos etapas, siendo la primera la perteneciente a la antigua Unidad de Diagn&oacute;stico Intensivo y la segunda incluir&aacute; las &aacute;reas de cirug&iacute;a, internaci&oacute;n y cocina, lo que convierten al proyecto inicial en el nuevo hospital Illia.<\/p>\n<p>Se estima que en la segunda etapa, la construcci&oacute;n se ampliar&aacute; 1.000 metros cuadrados de superficie, llegando a un total de 3.500 metros cuadrados. Esto permitir&aacute; desarrollar las &aacute;reas de quir&oacute;fano, maternidad e internaci&oacute;n que no se encontraban previstas&nbsp; inicialmente.<\/p>\n<p>Actualmente las tareas se encuentran en etapa de movimiento, nivelado de suelos, fundaciones y llenado de columnas de hormig&oacute;n.<\/p>\n<p>De Unidad de Diagn&oacute;stico Intensivo a nuevo Hospital Regional<\/p>\n<p>El&nbsp; proyecto fue modificado para paulatinamente poder mudar los servicios del antiguo nosocomio al nuevo edificio, ya que debido a su antig&uuml;edad y al aumento poblacional de la zona, la edificaci&oacute;n ha quedado incongruente con las prestaciones que necesitan los habitantes de La Paz.<\/p>\n<p>Para ello se ha proyectado construir una zona destinada a las emergencias, que incluye salas de espera diferenciada para atenci&oacute;n de ni&ntilde;os y adultos, de shock room, de yeso, de enfermer&iacute;a-curaciones, de internaci&oacute;n abreviada que posibilitar&aacute; una observaci&oacute;n del paciente.<\/p>\n<p>Adem&aacute;s del&nbsp; sector de Diagn&oacute;stico y Tratamiento con servicios de Laboratorio General, Bacteriolog&iacute;a y Diagn&oacute;stico por Im&aacute;genes, tambi&eacute;n se proyect&oacute; un &aacute;rea de mantenimiento, la farmacia y el sector de guardia.<\/p>\n<\/body><\/html>\n","protected":false},"excerpt":{"rendered":"Comenzaron los trabajos  de ejecuci\u00f3n de la platea de fundaci\u00f3n de los 2.500 metros cuadrados que tendr\u00e1 el nuevo edificio sanitario del departamento de La Paz.","protected":false},"author":3,"featured_media":100547,"comment_status":"open","ping_status":"open","sticky":false,"template":"","format":"standard","meta":[],"categories":[1],"tags":[],"_links":{"self":[{"href":"https:\/\/www.mendoza.gov.ar\/prensa\/wp-json\/wp\/v2\/posts\/100546"}],"collection":[{"href":"https:\/\/www.mendoza.gov.ar\/prensa\/wp-json\/wp\/v2\/posts"}],"about":[{"href":"https:\/\/www.mendoza.gov.ar\/prensa\/wp-json\/wp\/v2\/types\/post"}],"author":[{"embeddable":true,"href":"https:\/\/www.mendoza.gov.ar\/prensa\/wp-json\/wp\/v2\/users\/3"}],"replies":[{"embeddable":true,"href":"https:\/\/www.mendoza.gov.ar\/prensa\/wp-json\/wp\/v2\/comments?post=100546"}],"version-history":[{"count":0,"href":"https:\/\/www.mendoza.gov.ar\/prensa\/wp-json\/wp\/v2\/posts\/100546\/revisions"}],"wp:featuredmedia":[{"embeddable":true,"href":"https:\/\/www.mendoza.gov.ar\/prensa\/wp-json\/wp\/v2\/media\/100547"}],"wp:attachment":[{"href":"https:\/\/www.mendoza.gov.ar\/prensa\/wp-json\/wp\/v2\/media?parent=100546"}],"wp:term":[{"taxonomy":"category","embeddable":true,"href":"https:\/\/www.mendoza.gov.ar\/prensa\/wp-json\/wp\/v2\/categories?post=100546"},{"taxonomy":"post_tag","embeddable":true,"href":"https:\/\/www.mendoza.gov.ar\/prensa\/wp-json\/wp\/v2\/tags?post=100546"}],"curies":[{"name":"wp","href":"https:\/\/api.w.org\/{rel}","templated":true}]}}