{"id":100561,"date":"2017-08-18T18:54:45","date_gmt":"2017-08-18T21:54:45","guid":{"rendered":"http:\/\/prensa.mendoza.gov.ar\/?p=100561"},"modified":"2017-08-18T18:54:45","modified_gmt":"2017-08-18T21:54:45","slug":"se-realizaron-las-jornadas-neuromusculares-en-osep","status":"publish","type":"post","link":"https:\/\/www.mendoza.gov.ar\/prensa\/se-realizaron-las-jornadas-neuromusculares-en-osep\/","title":{"rendered":"Se realizaron las Jornadas Neuromusculares en OSEP"},"content":{"rendered":"<!DOCTYPE html PUBLIC \"-\/\/W3C\/\/DTD HTML 4.0 Transitional\/\/EN\" \"http:\/\/www.w3.org\/TR\/REC-html40\/loose.dtd\">\n<html><body><p>Con gran concurrencia se llevaron a cabo las Jornadas sobre Enfermedades Neuromusculares Pedi&aacute;tricas, organizadas por el equipo de Neurolog&iacute;a Infantil del Hospital Pedi&aacute;trico Alexander Fleming. El encuentro realizado en el edificio Xeltahuina cont&oacute; con exposiciones de profesionales referentes en el tema del Hospital Garrahan de Buenos Aires y un taller dirigido a los pacientes y su familia.<\/p>\n<p>El encargado de la apertura fue el director general de la Obra Social, Sergio Vergara, mientras que el doctor Daniel Noli, del equipo de Neurolog&iacute;a del Hospital Fleming, present&oacute; la jornada que super&oacute; las expectativas con 150 inscriptos para el encuentro de profesionales.<\/p>\n<p>Los acad&eacute;micos invitados del Garrahan compartieron sus conocimientos y la labor que realizan en el m&aacute;ximo referente de salud p&uacute;blica de alta complejidad pedi&aacute;trica de la Argentina.<\/p>\n<p>En primer lugar, la m&eacute;dica Soledad Monges remarc&oacute; que &ldquo;se han descripto m&aacute;s de 800 enfermedades diferentes y no es lo mismo padecer cualquiera de ellas&rdquo;. Destac&oacute; que &ldquo;la m&aacute;s frecuente es la distrofia muscular de Duchenne. Los ni&ntilde;os suelen mostrar problemas de motricidad cuando comienzan a caminar y muchas veces, presentan retardo mental&rdquo;.<\/p>\n<p>En cuanto al tratamiento, Monges asegur&oacute; que &ldquo;lo mejor que podemos aportar hoy a los pacientes es el abordaje multidisciplinario, ya que mejora su calidad de vida&rdquo;.<\/p>\n<p>En este sentido la m&eacute;dica Fernanda de Castro, pediatra del hospital, expuso sobre el trabajo interdisciplinario que brindan y aclar&oacute; que se realiza seg&uacute;n el caso, ya que tienen m&aacute;s de 400 casos diferentes.<\/p>\n<p>A continuaci&oacute;n, el encuentro tambi&eacute;n cont&oacute; con la disertaci&oacute;n de la doctora Ver&oacute;nica Aguerre, neumon&oacute;loga y la licenciada Julieta Mozzoni, kinesi&oacute;loga ambas del hospital porte&ntilde;o, quienes brindaron una completa y detallada actualizaci&oacute;n de los tratamientos.<\/p>\n<p>Cabe destacar que el encuentro fue dirigido a m&eacute;dicos, psic&oacute;logos, kinesi&oacute;logos, terapistas ocupacionales, enfermeros, fonoaudi&oacute;logos, psicopedagogos, docentes y p&uacute;blico interesado.<\/p>\n<p><strong>La familia tambi&eacute;n<\/strong><\/p>\n<p>Como parte de las jornadas, luego se realizaron dos charlas de manera simult&aacute;nea, en los SUM I y II. All&iacute; hubo talleres dirigidos a la familia y a los pacientes, donde las profesionales expusieron una serie de ejercicios y consejos que apuntan al acompa&ntilde;amiento de los pacientes neuromusculares.<\/p>\n<p>Uno de estos encuentros fue dedicado a la parte neurol&oacute;gica y pedi&aacute;trica de los pacientes y el otro hizo hincapi&eacute; en la parte kinesiol&oacute;gica y respiratoria.<\/p>\n<p>Estas actividades comenzaron a las 14.30 y tuvieron gran concurrencia ya que los asistentes se mostraron muy activos, haciendo todo tipo de consultas a los profesionales que visitaron nuestra provincia.<\/p>\n<p><strong>Las enfermedades neuromusculares<\/strong><\/p>\n<p>Son un grupo muy heterog&eacute;neo de enfermedades. Van desde las que tienen poca relevancia cl&iacute;nica en los pacientes hasta las que son muy degenerativas. Dentro de ellas existen dos grupos muy recurrentes: la distrofia muscular de Duchenne y las atrofias musculares espinales.<\/p>\n<p>El grupo m&aacute;s frecuente es el que padece distrofia de Duchenne que en la actualidad, con el avance de la ciencia, ha logrado distintos tipos de tratamiento que permiten una mejor calidad de vida.<\/p>\n<p>Lo m&aacute;s importante de la jornada fue la actualizaci&oacute;n y capacitaci&oacute;n de los profesionales, por un lado, y por el otro hacer conocer a los padres sobre el avance de las investigaciones, los abordajes y c&oacute;mo se puede mejorar la calidad de vida de los pacientes.<\/p>\n<p>Algunos avances<\/p>\n<p>La doctora Mar&iacute;a Laura Cassar, del equipo de neurolog&iacute;a del Hospital Fleming explic&oacute; que en la Obra Social se han realizado muchos cambios alrededor de estas enfermedades.<\/p>\n<p>Hay pacientes, con tratamientos de &uacute;ltima generaci&oacute;n, a quienes se les autoriza la medicaci&oacute;n correspondiente.<\/p>\n<p>Por otra parte se trabaja en el fortalecimiento del v&iacute;nculo entre el paciente y la instituci&oacute;n, debido a que son enfermedades que se diagnostican en su etapa pedi&aacute;trica pero que deben ser abordadas y seguidas despu&eacute;s en la adolescencia y la adultez. Se promueve as&iacute; la adhesi&oacute;n al tratamiento.<\/p>\n<p>Tambi&eacute;n es importante tener en cuenta que cuando los pacientes pasan a la etapa adulta necesitan mucho apoyo respiratorio, ya sea con paf o con soporte de respiraci&oacute;n mec&aacute;nica domiciliaria. Este trabajo kinesiol&oacute;gico requiere conocimientos actualizados por parte de las personas que van a domicilio a hacer este trabajo, siendo objetivo de las jornadas actualizar las t&eacute;cnicas existentes tanto para los kinesi&oacute;logos como para los familiares.<\/p>\n<\/body><\/html>\n","protected":false},"excerpt":{"rendered":"Los acad\u00e9micos invitados del Garrahan compartieron sus conocimientos y la labor que realizan en el m\u00e1ximo referente de salud p\u00fablica de alta complejidad pedi\u00e1trica de la Argentina.","protected":false},"author":3,"featured_media":100562,"comment_status":"open","ping_status":"open","sticky":false,"template":"","format":"standard","meta":[],"categories":[30],"tags":[],"_links":{"self":[{"href":"https:\/\/www.mendoza.gov.ar\/prensa\/wp-json\/wp\/v2\/posts\/100561"}],"collection":[{"href":"https:\/\/www.mendoza.gov.ar\/prensa\/wp-json\/wp\/v2\/posts"}],"about":[{"href":"https:\/\/www.mendoza.gov.ar\/prensa\/wp-json\/wp\/v2\/types\/post"}],"author":[{"embeddable":true,"href":"https:\/\/www.mendoza.gov.ar\/prensa\/wp-json\/wp\/v2\/users\/3"}],"replies":[{"embeddable":true,"href":"https:\/\/www.mendoza.gov.ar\/prensa\/wp-json\/wp\/v2\/comments?post=100561"}],"version-history":[{"count":0,"href":"https:\/\/www.mendoza.gov.ar\/prensa\/wp-json\/wp\/v2\/posts\/100561\/revisions"}],"wp:featuredmedia":[{"embeddable":true,"href":"https:\/\/www.mendoza.gov.ar\/prensa\/wp-json\/wp\/v2\/media\/100562"}],"wp:attachment":[{"href":"https:\/\/www.mendoza.gov.ar\/prensa\/wp-json\/wp\/v2\/media?parent=100561"}],"wp:term":[{"taxonomy":"category","embeddable":true,"href":"https:\/\/www.mendoza.gov.ar\/prensa\/wp-json\/wp\/v2\/categories?post=100561"},{"taxonomy":"post_tag","embeddable":true,"href":"https:\/\/www.mendoza.gov.ar\/prensa\/wp-json\/wp\/v2\/tags?post=100561"}],"curies":[{"name":"wp","href":"https:\/\/api.w.org\/{rel}","templated":true}]}}