{"id":100875,"date":"2017-08-23T10:16:14","date_gmt":"2017-08-23T13:16:14","guid":{"rendered":"http:\/\/prensa.mendoza.gov.ar\/?p=100875"},"modified":"2017-08-23T10:16:14","modified_gmt":"2017-08-23T13:16:14","slug":"arranca-la-segunda-parte-del-ciclo-de-capacitacion-del-idits","status":"publish","type":"post","link":"https:\/\/www.mendoza.gov.ar\/prensa\/arranca-la-segunda-parte-del-ciclo-de-capacitacion-del-idits\/","title":{"rendered":"Comienza la segunda parte del ciclo de capacitaci\u00f3n del IDITS"},"content":{"rendered":"<!DOCTYPE html PUBLIC \"-\/\/W3C\/\/DTD HTML 4.0 Transitional\/\/EN\" \"http:\/\/www.w3.org\/TR\/REC-html40\/loose.dtd\">\n<html><body><div id=\"m_-1947797734514719995yui_3_16_0_ym19_1_1503490333815_7815\" class=\"m_-1947797734514719995yiv6111086959MsoNormal\">El Ministerio de Econom&iacute;a, Infraestructura y Energ&iacute;a, a trav&eacute;s del Instituto de Desarrollo Industrial, Tecnol&oacute;gico y de Servicios (IDITS), organiza para el pr&oacute;ximo jueves 24,&nbsp;a partir de las 9.30, una nueva instancia del ciclo de capacitaci&oacute;n gratuito para pymes.<\/div>\n<div id=\"m_-1947797734514719995yui_3_16_0_ym19_1_1503490333815_7852\" class=\"m_-1947797734514719995yiv6111086959MsoNormal\"><span lang=\"ES-AR\">&nbsp;<\/span><\/div>\n<div id=\"m_-1947797734514719995yui_3_16_0_ym19_1_1503490333815_7854\" class=\"m_-1947797734514719995yiv6111086959MsoNormal\"><span id=\"m_-1947797734514719995yui_3_16_0_ym19_1_1503490333815_7853\" lang=\"ES-AR\">En este encuentro, que marca el inicio de las capacitaciones del segundo semestre del a&ntilde;o, se tratar&aacute; el tema Gesti&oacute;n efectiva del tiempo, poniendo &eacute;nfasis en la mala utilizaci&oacute;n del recurso y de algunas herramientas para optimizar el proceso, entre otros aspectos.<\/span><\/div>\n<div id=\"m_-1947797734514719995yui_3_16_0_ym19_1_1503490333815_7854\" class=\"m_-1947797734514719995yiv6111086959MsoNormal\"><span lang=\"ES-AR\">&nbsp;<\/span><\/div>\n<div id=\"m_-1947797734514719995yui_3_16_0_ym19_1_1503490333815_7856\" class=\"m_-1947797734514719995yiv6111086959MsoNormal\"><span id=\"m_-1947797734514719995yui_3_16_0_ym19_1_1503490333815_7855\" lang=\"ES-AR\">Estar&aacute; a cargo de Diego Cartledge, especialista en consultor&iacute;a de empresas y se desarrollar&aacute; en el IDITS, Juli&aacute;n Barraquero 130, Ciudad.<\/span><\/div>\n<div id=\"m_-1947797734514719995yui_3_16_0_ym19_1_1503490333815_7856\" class=\"m_-1947797734514719995yiv6111086959MsoNormal\"><span lang=\"ES-AR\">&nbsp;<\/span><\/div>\n<div id=\"m_-1947797734514719995yui_3_16_0_ym19_1_1503490333815_7869\" class=\"m_-1947797734514719995yiv6111086959MsoNormal\"><span id=\"m_-1947797734514719995yui_3_16_0_ym19_1_1503490333815_7868\" lang=\"ES-AR\">Para m&aacute;s informaci&oacute;n o inscribirse en&nbsp;la capacitaci&oacute;n, comunicarse con el instituto a los tel&eacute;fonos 0261 4241475 y&nbsp;4246347 o escribir a&nbsp;<a id=\"m_-1947797734514719995yui_3_16_0_ym19_1_1503490333815_7883\" href=\"mailto:promoci%C3%B3n@idits.org.ar\" target=\"_blank\" rel=\"nofollow\">promocion@idits.org.ar<\/a>.<\/span><\/div>\n<\/body><\/html>\n","protected":false},"excerpt":{"rendered":"Se trata de encuentros gratuitos que se vienen realizando desde principios de este a\u00f1o, destinados al fortalecimiento industrial de pymes locales. Se realizar\u00e1 el 24 de agosto y tratar\u00e1 sobre Gesti\u00f3n efectiva del tiempo.\n","protected":false},"author":3,"featured_media":100876,"comment_status":"open","ping_status":"open","sticky":false,"template":"","format":"standard","meta":[],"categories":[1],"tags":[],"_links":{"self":[{"href":"https:\/\/www.mendoza.gov.ar\/prensa\/wp-json\/wp\/v2\/posts\/100875"}],"collection":[{"href":"https:\/\/www.mendoza.gov.ar\/prensa\/wp-json\/wp\/v2\/posts"}],"about":[{"href":"https:\/\/www.mendoza.gov.ar\/prensa\/wp-json\/wp\/v2\/types\/post"}],"author":[{"embeddable":true,"href":"https:\/\/www.mendoza.gov.ar\/prensa\/wp-json\/wp\/v2\/users\/3"}],"replies":[{"embeddable":true,"href":"https:\/\/www.mendoza.gov.ar\/prensa\/wp-json\/wp\/v2\/comments?post=100875"}],"version-history":[{"count":0,"href":"https:\/\/www.mendoza.gov.ar\/prensa\/wp-json\/wp\/v2\/posts\/100875\/revisions"}],"wp:featuredmedia":[{"embeddable":true,"href":"https:\/\/www.mendoza.gov.ar\/prensa\/wp-json\/wp\/v2\/media\/100876"}],"wp:attachment":[{"href":"https:\/\/www.mendoza.gov.ar\/prensa\/wp-json\/wp\/v2\/media?parent=100875"}],"wp:term":[{"taxonomy":"category","embeddable":true,"href":"https:\/\/www.mendoza.gov.ar\/prensa\/wp-json\/wp\/v2\/categories?post=100875"},{"taxonomy":"post_tag","embeddable":true,"href":"https:\/\/www.mendoza.gov.ar\/prensa\/wp-json\/wp\/v2\/tags?post=100875"}],"curies":[{"name":"wp","href":"https:\/\/api.w.org\/{rel}","templated":true}]}}