{"id":100996,"date":"2017-08-24T08:15:29","date_gmt":"2017-08-24T11:15:29","guid":{"rendered":"http:\/\/prensa.mendoza.gov.ar\/?p=100996"},"modified":"2017-08-24T08:15:29","modified_gmt":"2017-08-24T11:15:29","slug":"el-coro-de-osep-se-presento-en-el-hogar-despertar","status":"publish","type":"post","link":"https:\/\/www.mendoza.gov.ar\/prensa\/el-coro-de-osep-se-presento-en-el-hogar-despertar\/","title":{"rendered":"El Coro de OSEP se present\u00f3 en el hogar Despertar"},"content":{"rendered":"<!DOCTYPE html PUBLIC \"-\/\/W3C\/\/DTD HTML 4.0 Transitional\/\/EN\" \"http:\/\/www.w3.org\/TR\/REC-html40\/loose.dtd\">\n<html><body><div id=\":uc\" class=\"ii gt adP adO\">\n<div id=\":wn\" class=\"a3s aXjCH m15e103bfcdb64702\">\n<div id=\"m_1941434130182716750yui_3_16_0_ym19_1_1503509460411_4181\" class=\"m_1941434130182716750yahoo_quoted\">\n<div id=\"m_1941434130182716750yui_3_16_0_ym19_1_1503509460411_4180\">\n<div id=\"m_1941434130182716750yui_3_16_0_ym19_1_1503509460411_4179\">\n<div id=\"m_1941434130182716750yui_3_16_0_ym19_1_1503509460411_4182\" class=\"m_1941434130182716750y_msg_container\">\n<div dir=\"ltr\">Por iniciativa del Departamento de Gesti&oacute;n de Pol&iacute;ticas Sociales para el Adulto Mayor de la Obra Social de Empleados P&uacute;blicos (OSEP), el Coro realiz&oacute; una visita a la residencia geri&aacute;trica Despertar, de Guaymall&eacute;n.<\/div>\n<div dir=\"ltr\"><\/div>\n<div id=\"m_1941434130182716750yui_3_16_0_ym19_1_1503509460411_4213\" dir=\"ltr\">El encuentro tuvo lugar en el hogar ubicado en V&eacute;lez Sarsfield 1168, de Dorrego. All&iacute;, ayer a la tarde se vivi&oacute; una jornada llena de alegr&iacute;a y m&uacute;sica gracias a la visita del coro dirigido por el profesor Andr&eacute;s Iacopini. Fue una iniciativa del &aacute;rea que coordina la Viviana Lasagni, donde los m&uacute;sicos presentaron un colorido repertorio&nbsp;y ofrecieron a los residentes una tarde totalmente diferente. Tambi&eacute;n hubo bailes.<\/div>\n<div id=\"m_1941434130182716750yui_3_16_0_ym19_1_1503509460411_5966\" dir=\"ltr\"><\/div>\n<div id=\"m_1941434130182716750yui_3_16_0_ym19_1_1503509460411_4851\" dir=\"ltr\">Este es el inicio de una larga serie de presentaciones del grupo coral, ya que, a partir del Primer Congreso de Gerontolog&iacute;a, realizado a mediados de este mes, se planific&oacute;&nbsp;una serie de visitas a residencias de Mendoza.<\/div>\n<div id=\"m_1941434130182716750yui_3_16_0_ym19_1_1503509460411_5967\" dir=\"ltr\"><\/div>\n<div id=\"m_1941434130182716750yui_3_16_0_ym19_1_1503509460411_4836\" dir=\"ltr\">El Coro de OSEP ensaya&nbsp;todas las semanas, de lunes a viernes de 18 a 20, en el edificio Xeltahuina, Salta 877, Ciudad de Mendoza.<\/div>\n<div class=\"yj6qo\">\n<\/div>\n<\/div>\n<\/div>\n<\/div>\n<\/div>\n<\/div>\n<\/div>\n<div id=\":v5\" class=\"hq gt\"><\/div>\n<\/body><\/html>\n","protected":false},"excerpt":{"rendered":"Fue la primera de una larga serie de presentaciones del grupo coral, ya que se ha planificado una serie de visitas a distintas residencias de Mendoza. La direcci\u00f3n est\u00e1 a cargo de Andr\u00e9s Iacopini.","protected":false},"author":3,"featured_media":100997,"comment_status":"open","ping_status":"open","sticky":false,"template":"","format":"standard","meta":[],"categories":[30],"tags":[],"_links":{"self":[{"href":"https:\/\/www.mendoza.gov.ar\/prensa\/wp-json\/wp\/v2\/posts\/100996"}],"collection":[{"href":"https:\/\/www.mendoza.gov.ar\/prensa\/wp-json\/wp\/v2\/posts"}],"about":[{"href":"https:\/\/www.mendoza.gov.ar\/prensa\/wp-json\/wp\/v2\/types\/post"}],"author":[{"embeddable":true,"href":"https:\/\/www.mendoza.gov.ar\/prensa\/wp-json\/wp\/v2\/users\/3"}],"replies":[{"embeddable":true,"href":"https:\/\/www.mendoza.gov.ar\/prensa\/wp-json\/wp\/v2\/comments?post=100996"}],"version-history":[{"count":0,"href":"https:\/\/www.mendoza.gov.ar\/prensa\/wp-json\/wp\/v2\/posts\/100996\/revisions"}],"wp:featuredmedia":[{"embeddable":true,"href":"https:\/\/www.mendoza.gov.ar\/prensa\/wp-json\/wp\/v2\/media\/100997"}],"wp:attachment":[{"href":"https:\/\/www.mendoza.gov.ar\/prensa\/wp-json\/wp\/v2\/media?parent=100996"}],"wp:term":[{"taxonomy":"category","embeddable":true,"href":"https:\/\/www.mendoza.gov.ar\/prensa\/wp-json\/wp\/v2\/categories?post=100996"},{"taxonomy":"post_tag","embeddable":true,"href":"https:\/\/www.mendoza.gov.ar\/prensa\/wp-json\/wp\/v2\/tags?post=100996"}],"curies":[{"name":"wp","href":"https:\/\/api.w.org\/{rel}","templated":true}]}}