{"id":101020,"date":"2017-08-24T10:51:57","date_gmt":"2017-08-24T13:51:57","guid":{"rendered":"http:\/\/prensa.mendoza.gov.ar\/?p=101020"},"modified":"2019-07-11T12:51:54","modified_gmt":"2019-07-11T15:51:54","slug":"el-rol-de-los-municipios-en-el-cuidado-del-ambiente","status":"publish","type":"post","link":"https:\/\/www.mendoza.gov.ar\/prensa\/el-rol-de-los-municipios-en-el-cuidado-del-ambiente\/","title":{"rendered":"El rol de los municipios en el cuidado del ambiente"},"content":{"rendered":"<!DOCTYPE html PUBLIC \"-\/\/W3C\/\/DTD HTML 4.0 Transitional\/\/EN\" \"http:\/\/www.w3.org\/TR\/REC-html40\/loose.dtd\">\n<html><body><p>El &Aacute;rea de Contaminaci&oacute;n Atmosf&eacute;rica de la Direcci&oacute;n de Protecci&oacute;n Ambiental viene recibiendo numerosas denuncias por la quema de residuos a cielo abierto, como&nbsp;hojas, productos de poda, desmonte&nbsp;y limpieza de cauces,&nbsp;entre otros.<\/p>\n<p>La directora de Protecci&oacute;n Ambiental, Miriam Skalany, explic&oacute; que gracias al sistema de denuncias, implementado desde hace unos a&ntilde;os en el sitio de internet&nbsp;de la Secretar&iacute;a de Ambiente, han aumentado las denuncias sobre incorrecta disposici&oacute;n y quema de residuos a cielo abierto.<\/p>\n<p>La funcionaria detall&oacute;: &ldquo;La mayor&iacute;a de estas denuncias se refieren a problem&aacute;ticas en el &aacute;mbito de gesti&oacute;n municipal, ya que son los municipios&nbsp;quienes tienen la potestad de control sobre la correcta disposici&oacute;n, as&iacute; como tambi&eacute;n la prohibici&oacute;n de la quema&rdquo;.<\/p>\n<p>Siendo los municipios los responsables de la correcta disposici&oacute;n de los residuos, se extendi&oacute; un comunicado record&aacute;ndoles e inform&aacute;ndoles que:<\/p>\n<ul>\n<li>Son los municipios los responsables de la correcta disposici&oacute;n de los residuos generados en su ejido, existiendo adem&aacute;s ordenanzas expresas que proh&iacute;ben la quema a cielo abierto de cualquier tipo de residuos.<\/li>\n<li>La quema de residuos genera emisiones de humos, material particulado, olores y otros gases que contaminan el aire, ambiente e impactan de modo directo sobre la salud de las poblaciones cercanas.<\/li>\n<li>Est&aacute; prohibida la quema de cubiertas para la lucha contra las heladas, tanto por su baja o nula efectividad, como por las consecuencias ambientales y de seguridad que implica esta pr&aacute;ctica. Debe decirse que las cubiertas o neum&aacute;ticos usados se encuentran en la categor&iacute;a de residuos asimilables a urbanos, por lo cual deben incluirse en la gesti&oacute;n de correcta disposici&oacute;n final y evitar su quema a cielo abierto.<\/li>\n<\/ul>\n<p>La Secretar&iacute;a de Ambiente recuerda que los ciudadanos pueden realizar denuncias sobre contaminaci&oacute;n ambiental en el sitio www.mendoza.gov.ar\/ambiente o comunic&aacute;ndose con la Direcci&oacute;n de Protecci&oacute;n Ambiental a los tel&eacute;fonos 0261 4235428\/1754 , de lunes a viernes de 8 a 14.<\/p>\n<\/body><\/html>\n","protected":false},"excerpt":{"rendered":"La Direcci\u00f3n de Protecci\u00f3n Ambiental recuerda cu\u00e1les son las incumbencias de los gobiernos locales en el control de la contaminaci\u00f3n ambiental.","protected":false},"author":3,"featured_media":101023,"comment_status":"open","ping_status":"open","sticky":false,"template":"","format":"standard","meta":[],"categories":[3],"tags":[],"_links":{"self":[{"href":"https:\/\/www.mendoza.gov.ar\/prensa\/wp-json\/wp\/v2\/posts\/101020"}],"collection":[{"href":"https:\/\/www.mendoza.gov.ar\/prensa\/wp-json\/wp\/v2\/posts"}],"about":[{"href":"https:\/\/www.mendoza.gov.ar\/prensa\/wp-json\/wp\/v2\/types\/post"}],"author":[{"embeddable":true,"href":"https:\/\/www.mendoza.gov.ar\/prensa\/wp-json\/wp\/v2\/users\/3"}],"replies":[{"embeddable":true,"href":"https:\/\/www.mendoza.gov.ar\/prensa\/wp-json\/wp\/v2\/comments?post=101020"}],"version-history":[{"count":1,"href":"https:\/\/www.mendoza.gov.ar\/prensa\/wp-json\/wp\/v2\/posts\/101020\/revisions"}],"predecessor-version":[{"id":192172,"href":"https:\/\/www.mendoza.gov.ar\/prensa\/wp-json\/wp\/v2\/posts\/101020\/revisions\/192172"}],"wp:featuredmedia":[{"embeddable":true,"href":"https:\/\/www.mendoza.gov.ar\/prensa\/wp-json\/wp\/v2\/media\/101023"}],"wp:attachment":[{"href":"https:\/\/www.mendoza.gov.ar\/prensa\/wp-json\/wp\/v2\/media?parent=101020"}],"wp:term":[{"taxonomy":"category","embeddable":true,"href":"https:\/\/www.mendoza.gov.ar\/prensa\/wp-json\/wp\/v2\/categories?post=101020"},{"taxonomy":"post_tag","embeddable":true,"href":"https:\/\/www.mendoza.gov.ar\/prensa\/wp-json\/wp\/v2\/tags?post=101020"}],"curies":[{"name":"wp","href":"https:\/\/api.w.org\/{rel}","templated":true}]}}