{"id":101024,"date":"2017-08-24T11:10:14","date_gmt":"2017-08-24T14:10:14","guid":{"rendered":"http:\/\/prensa.mendoza.gov.ar\/?p=101024"},"modified":"2017-08-24T11:10:14","modified_gmt":"2017-08-24T14:10:14","slug":"mas-y-mejor-servicio-para-los-vecinos-de-dorrego","status":"publish","type":"post","link":"https:\/\/www.mendoza.gov.ar\/prensa\/mas-y-mejor-servicio-para-los-vecinos-de-dorrego\/","title":{"rendered":"M\u00e1s y mejor servicio para los vecinos de Dorrego"},"content":{"rendered":"<!DOCTYPE html PUBLIC \"-\/\/W3C\/\/DTD HTML 4.0 Transitional\/\/EN\" \"http:\/\/www.w3.org\/TR\/REC-html40\/loose.dtd\">\n<html><body><p>En respuesta a la solicitud de los vecinos, se extiende la traza del servicio de transporte perteneciente al Grupo 9, l&iacute;nea 166, &ldquo;UTMA San Cayetano por Pedro Vargas&rdquo;. La ampliaci&oacute;n del recorrido ser&aacute; en beneficio de los vecinos del distrito Las Ca&ntilde;as, barrio&nbsp;Petroleros y zonas aleda&ntilde;as.<\/p>\n<p>El servicio tendr&aacute;&nbsp;21 frecuencias para d&iacute;as h&aacute;biles, 19 los s&aacute;bados y 12 los domingos y feriados.<\/p>\n<p>La apertura de recorrido es la siguiente: Pedro Vargas, Ca&ntilde;adita Alegre, Berutti, Florencio S&aacute;nchez, Laboulaye, Aramburu, retoma su traza normal y luego Las Ca&ntilde;as, Santa Rosa, Laboulaye, Florencio S&aacute;nchez, Berutti, Ca&ntilde;adita Alegre, Pedro Vargas, a su recorrido.<\/p>\n<\/body><\/html>\n","protected":false},"excerpt":{"rendered":"Se ampl\u00eda la traza de la L\u00ednea 166 para beneficiar a mayor cantidad de usuarios en Guaymall\u00e9n.","protected":false},"author":3,"featured_media":101025,"comment_status":"open","ping_status":"open","sticky":false,"template":"","format":"standard","meta":[],"categories":[34],"tags":[],"_links":{"self":[{"href":"https:\/\/www.mendoza.gov.ar\/prensa\/wp-json\/wp\/v2\/posts\/101024"}],"collection":[{"href":"https:\/\/www.mendoza.gov.ar\/prensa\/wp-json\/wp\/v2\/posts"}],"about":[{"href":"https:\/\/www.mendoza.gov.ar\/prensa\/wp-json\/wp\/v2\/types\/post"}],"author":[{"embeddable":true,"href":"https:\/\/www.mendoza.gov.ar\/prensa\/wp-json\/wp\/v2\/users\/3"}],"replies":[{"embeddable":true,"href":"https:\/\/www.mendoza.gov.ar\/prensa\/wp-json\/wp\/v2\/comments?post=101024"}],"version-history":[{"count":0,"href":"https:\/\/www.mendoza.gov.ar\/prensa\/wp-json\/wp\/v2\/posts\/101024\/revisions"}],"wp:featuredmedia":[{"embeddable":true,"href":"https:\/\/www.mendoza.gov.ar\/prensa\/wp-json\/wp\/v2\/media\/101025"}],"wp:attachment":[{"href":"https:\/\/www.mendoza.gov.ar\/prensa\/wp-json\/wp\/v2\/media?parent=101024"}],"wp:term":[{"taxonomy":"category","embeddable":true,"href":"https:\/\/www.mendoza.gov.ar\/prensa\/wp-json\/wp\/v2\/categories?post=101024"},{"taxonomy":"post_tag","embeddable":true,"href":"https:\/\/www.mendoza.gov.ar\/prensa\/wp-json\/wp\/v2\/tags?post=101024"}],"curies":[{"name":"wp","href":"https:\/\/api.w.org\/{rel}","templated":true}]}}