{"id":101443,"date":"2017-08-28T12:07:08","date_gmt":"2017-08-28T15:07:08","guid":{"rendered":"http:\/\/prensa.mendoza.gov.ar\/?p=101443"},"modified":"2017-09-08T10:34:54","modified_gmt":"2017-09-08T13:34:54","slug":"desvios-frente-a-la-casa-de-gobierno","status":"publish","type":"post","link":"https:\/\/www.mendoza.gov.ar\/prensa\/desvios-frente-a-la-casa-de-gobierno\/","title":{"rendered":"Desv\u00edos frente a la Casa de Gobierno"},"content":{"rendered":"<!DOCTYPE html PUBLIC \"-\/\/W3C\/\/DTD HTML 4.0 Transitional\/\/EN\" \"http:\/\/www.w3.org\/TR\/REC-html40\/loose.dtd\">\n<html><body><p>Contin&uacute;an los trabajos de&nbsp;la Municipalidad de la Ciudad de Mendoza en la avenida Peltier entre La Pampa y avenida&nbsp;Espa&ntilde;a en la mano Sur. Tambi&eacute;n, en la rotonda y puente de calle La Pampa se modificar&aacute;n los recorridos de los servicios que circulan en la zona.<\/p>\n<p>Las modificaciones se extender&aacute;n por 90 d&iacute;as y los recorridos afectados son los siguientes:<\/p>\n<ul>\n<li><strong>Grupo 5 <\/strong><\/li>\n<\/ul>\n<p><strong>&ndash; L&iacute;neas 71-72-52-53-54-55 <\/strong>de zona a centro circular&aacute;n por Sobremonte, Pedro Molina, Patricias Mendocinas, Virgen del Carmen de Cuyo, Espa&ntilde;a y vuelve a su recorrido.<\/p>\n<p>Se establecen como paradas alternativas Pedro Molina y Puente Peatonal; Patricias Mendocinas y Virgen del Carmen de Cuyo.<\/p>\n<p><strong>&ndash; L&iacute;neas 73-74&nbsp;<\/strong>tomar&aacute;n por Sobremonte, Pedro Molina, Rondeau y vuelve a su recorrido normal.<\/p>\n<p>Paradas alternativas: Pedro Molina y Puente Peatonal; Pedro Molina y Av. Espa&ntilde;a<\/p>\n<p><strong>&ndash; L&iacute;neas 52-53-54-55-56 &nbsp;<\/strong>de&nbsp;centro a zona<strong>&nbsp;<\/strong>tomar&aacute;n por 9 de Julio, Peltier, Av. Espa&ntilde;a&hellip;<\/p>\n<p>Paradas alternativas: 9 de Julio (Municipalidad de Capital)<\/p>\n<ul>\n<li><strong>Grupo 6<\/strong><\/li>\n<\/ul>\n<p>&ndash;&nbsp;L<strong>&iacute;nea 62&nbsp;<\/strong>por Belgrano, Sobremonte, Pedro Molina, Rondeau<\/p>\n<p>Paradas alternativas: P. Molina y Puente Peatonal;&nbsp;Pedro Molina y Av. Espa&ntilde;a.<\/p>\n<p><strong>&ndash; L&iacute;nea 65&nbsp;<\/strong>por Belgrano, Sobremonte, Pedro Molina, Espa&ntilde;a.<\/p>\n<p>Parada alternativa: P. Molina y Puente peatonal<\/p>\n<p><strong>&ndash; L&iacute;neas 63-64-66-67 <\/strong>de zona a centro por 25 de mayo, Pedro Molina.<\/p>\n<p>Parada alternativa:&nbsp;P. Molina y Puente Peatonal;&nbsp;Pedro Molina y Av. Espa&ntilde;a.<\/p>\n<p><strong>-L&iacute;neas 61-131&nbsp;<\/strong>por Patricias Mendocinas, Virgen del Carmen de Cuyo, Av. Espa&ntilde;a, Peltier, 9 de Julio, Seru, Echeverr&iacute;a.<\/p>\n<p>Paradas alternativas: Patricias Mendocinas y Palacio de Justicia; 9 de Julio y G&uuml;emes; 9 de Julio y Seru; Seru y Espa&ntilde;a.<\/p>\n<p>&ndash;<strong>&nbsp;L&iacute;neas 63-68&nbsp;<\/strong>de centro a zona por Patricias Mendocinas, Pedro Molina.<\/p>\n<ul>\n<li><strong>Grupo 8<\/strong><\/li>\n<\/ul>\n<p>-L<strong>&iacute;nea 104&nbsp;<\/strong>por Belgrano, San Lorenzo<\/p>\n<p>&ndash;<strong>L&iacute;nea 103&nbsp;<\/strong>por Pedro Molina, Patricias Mendocinas, Virgen del Carmen de Cuyo, -espa&ntilde;a, Peltier.<\/p>\n<p>Paradas alternativas de ambos servicios:&nbsp;Pedro Molina y Puente Peatona; Patricias Mendocinas y Palacio de Justicia.<\/p>\n<ul>\n<li><strong>Grupo 3 l&iacute;neas 31-32&nbsp;<\/strong>por Rufino Ortega, San Lorenzo<\/li>\n<\/ul>\n<p>Las paradas alternativas en este caso ser&aacute;n compartidas con el Grupo 5.<\/p>\n<p>Ante dudas o consultas puede contactarnos a trav&eacute;s de nuestras redes sociales: <a title=\"FB\" href=\"https:\/\/www.facebook.com\/SsPublicosMza\/\" target=\"_blank\">Facebook<\/a>&nbsp;y Twitter @SsPublicosMza;&nbsp;o descargando la App &ldquo;Mi Recorrido&rdquo;.<\/p>\n<p>&nbsp;<\/p>\n<\/body><\/html>\n","protected":false},"excerpt":{"rendered":"Ser\u00e1n a partir del 1 de setiembre, se extender\u00e1n por 90 d\u00edas y afectar\u00e1 diversos servicios de transporte que circulan por la mano Sur de la avenida Peltier.","protected":false},"author":3,"featured_media":45532,"comment_status":"open","ping_status":"open","sticky":false,"template":"","format":"standard","meta":[],"categories":[34],"tags":[],"_links":{"self":[{"href":"https:\/\/www.mendoza.gov.ar\/prensa\/wp-json\/wp\/v2\/posts\/101443"}],"collection":[{"href":"https:\/\/www.mendoza.gov.ar\/prensa\/wp-json\/wp\/v2\/posts"}],"about":[{"href":"https:\/\/www.mendoza.gov.ar\/prensa\/wp-json\/wp\/v2\/types\/post"}],"author":[{"embeddable":true,"href":"https:\/\/www.mendoza.gov.ar\/prensa\/wp-json\/wp\/v2\/users\/3"}],"replies":[{"embeddable":true,"href":"https:\/\/www.mendoza.gov.ar\/prensa\/wp-json\/wp\/v2\/comments?post=101443"}],"version-history":[{"count":1,"href":"https:\/\/www.mendoza.gov.ar\/prensa\/wp-json\/wp\/v2\/posts\/101443\/revisions"}],"predecessor-version":[{"id":102945,"href":"https:\/\/www.mendoza.gov.ar\/prensa\/wp-json\/wp\/v2\/posts\/101443\/revisions\/102945"}],"wp:featuredmedia":[{"embeddable":true,"href":"https:\/\/www.mendoza.gov.ar\/prensa\/wp-json\/wp\/v2\/media\/45532"}],"wp:attachment":[{"href":"https:\/\/www.mendoza.gov.ar\/prensa\/wp-json\/wp\/v2\/media?parent=101443"}],"wp:term":[{"taxonomy":"category","embeddable":true,"href":"https:\/\/www.mendoza.gov.ar\/prensa\/wp-json\/wp\/v2\/categories?post=101443"},{"taxonomy":"post_tag","embeddable":true,"href":"https:\/\/www.mendoza.gov.ar\/prensa\/wp-json\/wp\/v2\/tags?post=101443"}],"curies":[{"name":"wp","href":"https:\/\/api.w.org\/{rel}","templated":true}]}}