{"id":101469,"date":"2017-08-28T12:11:24","date_gmt":"2017-08-28T15:11:24","guid":{"rendered":"http:\/\/prensa.mendoza.gov.ar\/?p=101469"},"modified":"2017-08-28T12:11:24","modified_gmt":"2017-08-28T15:11:24","slug":"crece-el-trabajo-asociativo-de-productores-horticolas-dedicados-a-la-agricultura-familiar","status":"publish","type":"post","link":"https:\/\/www.mendoza.gov.ar\/prensa\/crece-el-trabajo-asociativo-de-productores-horticolas-dedicados-a-la-agricultura-familiar\/","title":{"rendered":"Crece el trabajo asociativo de productores hort\u00edcolas de agricultura familiar"},"content":{"rendered":"<!DOCTYPE html PUBLIC \"-\/\/W3C\/\/DTD HTML 4.0 Transitional\/\/EN\" \"http:\/\/www.w3.org\/TR\/REC-html40\/loose.dtd\">\n<html><body><div id=\"m_-3721364711225991865yui_3_16_0_ym19_1_1503919739221_33272\" class=\"m_-3721364711225991865yiv6790914575MsoNormal\">El subsecretario de Agricultura y Ganader&iacute;a, Alejandro Zlotolow, visit&oacute; el galp&oacute;n donde la Asociaci&oacute;n Pucaf (Productores Unidos del Campo de la Agricultura Familiar) desarrolla, desde 2012, su actividad conjunta.<\/div>\n<div class=\"m_-3721364711225991865yiv6790914575MsoNormal\"><\/div>\n<div class=\"m_-3721364711225991865yiv6790914575MsoNormal\"><span lang=\"ES-AR\">Los siete miembros que componen la agrupaci&oacute;n presentaron un&nbsp;<\/span><span lang=\"ES-AR\">proyecto que consiste en fortalecer al grupo con asistencia t&eacute;cnica para acceso a nuevos mercados de comercializaci&oacute;n con un fondo rotatorio para financiar capital de trabajo.&nbsp;<\/span><span lang=\"ES-AR\">Adem&aacute;s, planean reusar otro galp&oacute;n de empaque para acondicionar la gran variedad de hortalizas que producen y, mediante una l&iacute;nea de procesamiento en seco, generar mercader&iacute;a diferenciada en calidad y presentaci&oacute;n.&nbsp;<\/span>Para esto, solicitaron que a trav&eacute;s del Proderi (Programa de Desarrollo Rural Inclusivo) se los asista con $ 400.000 para invertir en un fondo rotatorio y $ 208.000 para asistencia t&eacute;cnica.<\/div>\n<div class=\"m_-3721364711225991865yiv6790914575MsoNormal\"><span lang=\"ES-AR\">&nbsp;<\/span><\/div>\n<div class=\"m_-3721364711225991865yiv6790914575MsoNormal\"><span lang=\"ES-AR\">Los productores trabajar&aacute;n junto a un coordinador t&eacute;cnico dentro del galp&oacute;n, quien ser&aacute; el encargado de realizar e implementar protocolos de calidad, controles bromatol&oacute;gicos, log&iacute;stica y organizaci&oacute;n de la capacidad del galp&oacute;n.<\/span><\/div>\n<div class=\"m_-3721364711225991865yiv6790914575MsoNormal\"><\/div>\n<div class=\"m_-3721364711225991865yiv6790914575MsoNormal\"><strong>Su historia<\/strong><\/div>\n<div class=\"m_-3721364711225991865yiv6790914575MsoNormal\"><span lang=\"ES-AR\">&nbsp;<\/span><\/div>\n<div id=\"m_-3721364711225991865yui_3_16_0_ym19_1_1503919739221_33290\" class=\"m_-3721364711225991865yiv6790914575MsoNormal\"><span lang=\"ES-AR\">El grupo trabaj&oacute; de manera informal en algunas actividades conjuntas, hasta que en abril de 2017 obtuvo la personer&iacute;a jur&iacute;dica como asociaci&oacute;n civil, con siete&nbsp;integrantes.&nbsp;<\/span>Son productores hort&iacute;colas de la agricultura familiar, inscriptos en el RENAF, en cultivo de zapallo, tomate, papa, lechuga, remolacha, zapallitos, camote, acelga, entre otros.<\/div>\n<div class=\"m_-3721364711225991865yiv6790914575MsoNormal\"><span lang=\"ES-AR\">&nbsp;<\/span><\/div>\n<div id=\"m_-3721364711225991865yui_3_16_0_ym19_1_1503919739221_33293\" class=\"m_-3721364711225991865yiv6790914575MsoNormal\"><span lang=\"ES-AR\">La gran variedad de productos de la comercializan a granel, a trav&eacute;s de intermediarios, se venden a los mercados cooperativos de la provincia como el Mercado de Guaymall&eacute;n y Acceso Este. Una reducida cantidad de mercader&iacute;a es usada en el armado de un bols&oacute;n de verduras, el cual venden cada 15 d&iacute;as en la provincia de San Luis.<\/span><\/div>\n<div class=\"m_-3721364711225991865yiv6790914575MsoNormal\"><span lang=\"ES-AR\">&nbsp;<\/span><\/div>\n<div class=\"m_-3721364711225991865yiv6790914575MsoNormal\"><span lang=\"ES-AR\">A trav&eacute;s de Prodear, ya recibieron una cinta transportadora y mesas de acero inoxidable para selecci&oacute;n de verduras. Tambi&eacute;n han sido beneficiarios de malla antigranizo y postes para la instalaci&oacute;n, a trav&eacute;s del Municipio de Maip&uacute; y la Secretar&iacute;a de Agricultura Familiar del Ministerio de Agroindustria de la Naci&oacute;n.<\/span><\/div>\n<div class=\"m_-3721364711225991865yiv6790914575MsoNormal\"><span lang=\"ES-AR\">&nbsp;<\/span><\/div>\n<div id=\"m_-3721364711225991865yui_3_16_0_ym19_1_1503919739221_33296\" class=\"m_-3721364711225991865yiv6790914575MsoNormal\"><span id=\"m_-3721364711225991865yiv6790914575yMail_cursorElementTracker_1503771522630\" lang=\"ES-AR\">El grupo ha recibido asesoramiento t&eacute;cnico a trav&eacute;s del Programa Cambio Rural. Adem&aacute;s son acompa&ntilde;ados desde hace varios a&ntilde;os por t&eacute;cnicos de la Secretar&iacute;a de Agricultura Familiar (SAF) y de la Municipalidad de Maip&uacute;. Recientemente participaron en una gira comercial para exploraci&oacute;n de mercados organizada por el Instituto de Desarrollo Rural (IDR) y el Instituto Nacional de Tecnolog&iacute;a Agropecuaria (INTA).<\/span><\/div>\n<p>&nbsp;<\/p>\n<\/body><\/html>\n","protected":false},"excerpt":{"rendered":"El \u00e9xito en la venta de bolsones de verduras, que comercializan en San Luis, los inst\u00f3 a solicitar asistencia t\u00e9cnica y un fondo rotatorio para abrirse a nuevos mercados.\u00a0\u00a0","protected":false},"author":3,"featured_media":101470,"comment_status":"open","ping_status":"open","sticky":false,"template":"","format":"standard","meta":[],"categories":[1],"tags":[],"_links":{"self":[{"href":"https:\/\/www.mendoza.gov.ar\/prensa\/wp-json\/wp\/v2\/posts\/101469"}],"collection":[{"href":"https:\/\/www.mendoza.gov.ar\/prensa\/wp-json\/wp\/v2\/posts"}],"about":[{"href":"https:\/\/www.mendoza.gov.ar\/prensa\/wp-json\/wp\/v2\/types\/post"}],"author":[{"embeddable":true,"href":"https:\/\/www.mendoza.gov.ar\/prensa\/wp-json\/wp\/v2\/users\/3"}],"replies":[{"embeddable":true,"href":"https:\/\/www.mendoza.gov.ar\/prensa\/wp-json\/wp\/v2\/comments?post=101469"}],"version-history":[{"count":0,"href":"https:\/\/www.mendoza.gov.ar\/prensa\/wp-json\/wp\/v2\/posts\/101469\/revisions"}],"wp:featuredmedia":[{"embeddable":true,"href":"https:\/\/www.mendoza.gov.ar\/prensa\/wp-json\/wp\/v2\/media\/101470"}],"wp:attachment":[{"href":"https:\/\/www.mendoza.gov.ar\/prensa\/wp-json\/wp\/v2\/media?parent=101469"}],"wp:term":[{"taxonomy":"category","embeddable":true,"href":"https:\/\/www.mendoza.gov.ar\/prensa\/wp-json\/wp\/v2\/categories?post=101469"},{"taxonomy":"post_tag","embeddable":true,"href":"https:\/\/www.mendoza.gov.ar\/prensa\/wp-json\/wp\/v2\/tags?post=101469"}],"curies":[{"name":"wp","href":"https:\/\/api.w.org\/{rel}","templated":true}]}}