{"id":101555,"date":"2017-08-28T17:23:09","date_gmt":"2017-08-28T20:23:09","guid":{"rendered":"http:\/\/prensa.mendoza.gov.ar\/?p=101555"},"modified":"2017-08-28T17:23:09","modified_gmt":"2017-08-28T20:23:09","slug":"prevencion-de-la-salud-en-el-valle-de-uco","status":"publish","type":"post","link":"https:\/\/www.mendoza.gov.ar\/prensa\/prevencion-de-la-salud-en-el-valle-de-uco\/","title":{"rendered":"Prevenci\u00f3n de la salud en el Valle de Uco"},"content":{"rendered":"<!DOCTYPE html PUBLIC \"-\/\/W3C\/\/DTD HTML 4.0 Transitional\/\/EN\" \"http:\/\/www.w3.org\/TR\/REC-html40\/loose.dtd\">\n<html><body><p>El equipo de Salud de la Obra Social de Empleados P&uacute;blicos (OSEP) estar&aacute; en Tunuy&aacute;n. El martes por la ma&ntilde;ana, de 9 a 14, atender&aacute; en el Centro de Salud Algarrobo, ubicado en el Loteo Danti. El mi&eacute;rcoles, de 9 a 13, en el centro de Agua Amarga.<\/p>\n<p>Como lo hicieron la semana pasada en San Carlos, los profesionales tambi&eacute;n realizar&aacute;n prevenci&oacute;n y detecci&oacute;n de c&aacute;ncer de cuello de &uacute;tero, a trav&eacute;s de la realizaci&oacute;n de papanicolaou y colposcop&iacute;a; educaci&oacute;n odontol&oacute;gica para ni&ntilde;os y extracci&oacute;n de sangre, con el fin de detectar casos de enfermedad cel&iacute;aca.<\/p>\n<p>Cabe recordar que la actividad es abierta tanto para afiliados de la zona como para la comunidad en general y que las intervenciones estar&aacute;n a cargo de profesionales que se desempe&ntilde;an en el &Aacute;rea de Salud Integral de la Mujer, Cl&iacute;nica Odontol&oacute;gica y programa Ser Cel&iacute;aco de OSEP.<\/p>\n<p>Se trata de una iniciativa conjunta de OSEP Tunuy&aacute;n y el &Aacute;rea de Salud de ese departamento.<\/p>\n<\/body><\/html>\n","protected":false},"excerpt":{"rendered":"Profesionales de OSEP estar\u00e1n ma\u00f1ana y el mi\u00e9rcoles en dos centros de salud de Tunuy\u00e1n alejados de zonas urbanas.","protected":false},"author":3,"featured_media":101556,"comment_status":"open","ping_status":"open","sticky":false,"template":"","format":"standard","meta":[],"categories":[30],"tags":[],"_links":{"self":[{"href":"https:\/\/www.mendoza.gov.ar\/prensa\/wp-json\/wp\/v2\/posts\/101555"}],"collection":[{"href":"https:\/\/www.mendoza.gov.ar\/prensa\/wp-json\/wp\/v2\/posts"}],"about":[{"href":"https:\/\/www.mendoza.gov.ar\/prensa\/wp-json\/wp\/v2\/types\/post"}],"author":[{"embeddable":true,"href":"https:\/\/www.mendoza.gov.ar\/prensa\/wp-json\/wp\/v2\/users\/3"}],"replies":[{"embeddable":true,"href":"https:\/\/www.mendoza.gov.ar\/prensa\/wp-json\/wp\/v2\/comments?post=101555"}],"version-history":[{"count":0,"href":"https:\/\/www.mendoza.gov.ar\/prensa\/wp-json\/wp\/v2\/posts\/101555\/revisions"}],"wp:featuredmedia":[{"embeddable":true,"href":"https:\/\/www.mendoza.gov.ar\/prensa\/wp-json\/wp\/v2\/media\/101556"}],"wp:attachment":[{"href":"https:\/\/www.mendoza.gov.ar\/prensa\/wp-json\/wp\/v2\/media?parent=101555"}],"wp:term":[{"taxonomy":"category","embeddable":true,"href":"https:\/\/www.mendoza.gov.ar\/prensa\/wp-json\/wp\/v2\/categories?post=101555"},{"taxonomy":"post_tag","embeddable":true,"href":"https:\/\/www.mendoza.gov.ar\/prensa\/wp-json\/wp\/v2\/tags?post=101555"}],"curies":[{"name":"wp","href":"https:\/\/api.w.org\/{rel}","templated":true}]}}