{"id":101611,"date":"2017-08-29T10:27:52","date_gmt":"2017-08-29T13:27:52","guid":{"rendered":"http:\/\/prensa.mendoza.gov.ar\/?p=101611"},"modified":"2017-08-29T10:27:52","modified_gmt":"2017-08-29T13:27:52","slug":"por-el-ingreso-de-un-frente-frio-se-registrarian-heladas-en-la-madrugada-del-miercoles","status":"publish","type":"post","link":"https:\/\/www.mendoza.gov.ar\/prensa\/por-el-ingreso-de-un-frente-frio-se-registrarian-heladas-en-la-madrugada-del-miercoles\/","title":{"rendered":"Por el ingreso de un frente fr\u00edo, se registrar\u00edan heladas en la madrugada del mi\u00e9rcoles"},"content":{"rendered":"<!DOCTYPE html PUBLIC \"-\/\/W3C\/\/DTD HTML 4.0 Transitional\/\/EN\" \"http:\/\/www.w3.org\/TR\/REC-html40\/loose.dtd\">\n<html><body><div id=\"m_6619324341778866119yiv6660211110yui_3_16_0_ym19_1_1503951090065_17894\">El informe del tiempo elaborado por Carlos Bustos, meteor&oacute;logo de la Direcci&oacute;n de Agricultura y Contingencias Clim&aacute;ticas, anticipa el ingreso de un frente fr&iacute;o en las pr&oacute;ximas horas que provocar&iacute;a un descenso marcado de las temperaturas m&iacute;nimas, principalmente en las zonas rurales.<\/div>\n<div id=\"m_6619324341778866119yiv6660211110yui_3_16_0_ym19_1_1503951090065_17906\"><span id=\"m_6619324341778866119yiv6660211110yui_3_16_0_ym19_1_1503951090065_17907\" lang=\"ES-TRAD\">&nbsp;<\/span><\/div>\n<div id=\"m_6619324341778866119yiv6660211110yui_3_16_0_ym19_1_1503951090065_17908\"><span id=\"m_6619324341778866119yiv6660211110yui_3_16_0_ym19_1_1503951090065_17909\" lang=\"ES-TRAD\">En la jornada del martes, el term&oacute;metro descender&iacute;a a 4&deg;C con una m&aacute;xima de 13&deg;C, pero las temperaturas m&aacute;s bajas se registrar&iacute;an en la madrugada del mi&eacute;rcoles alcanzando a -5&deg;C en zonas rurales del Valle de Uco, este y sur de la provincia.<\/span><\/div>\n<div id=\"m_6619324341778866119yiv6660211110yui_3_16_0_ym19_1_1503951090065_17910\"><span id=\"m_6619324341778866119yiv6660211110yui_3_16_0_ym19_1_1503951090065_17911\" lang=\"ES-TRAD\">&nbsp;<\/span><\/div>\n<div id=\"m_6619324341778866119yiv6660211110yui_3_16_0_ym19_1_1503951090065_17912\"><span id=\"m_6619324341778866119yiv6660211110yui_3_16_0_ym19_1_1503951090065_17913\" lang=\"ES-TRAD\">&ldquo;Se espera una desmejor&iacute;a en el estado del tiempo. En la jornada del martes va a entrar un frente fr&iacute;o que provocar&aacute; un marcado descenso de la temperatura. Para el mi&eacute;rcoles mejora el estado del tiempo pero se espera un ma&ntilde;ana muy fr&iacute;a, se van a registrar heladas generales en zonas rurales, la m&iacute;nima va a ser de 2&deg;C pero en el Valle de Uco podr&iacute;a llegar a -5&deg; C tambi&eacute;n el Santa Rosa, General Alvear y San Rafael&rdquo;, se&ntilde;al&oacute; Bustos.<\/span><\/div>\n<div id=\"m_6619324341778866119yiv6660211110yui_3_16_0_ym19_1_1503951090065_17914\"><span id=\"m_6619324341778866119yiv6660211110yui_3_16_0_ym19_1_1503951090065_17915\" lang=\"ES-TRAD\">&nbsp;<\/span><\/div>\n<div id=\"m_6619324341778866119yiv6660211110yui_3_16_0_ym19_1_1503951090065_17916\"><span id=\"m_6619324341778866119yiv6660211110yui_3_16_0_ym19_1_1503951090065_17917\" lang=\"ES-TRAD\">Las im&aacute;genes satelitales indican que la intensidad del frente disminuir&aacute; r&aacute;pidamente, &ldquo;el jueves asciende la temperatura, se van a registrar heladas parciales pero la m&iacute;nima va a ser de 4 grados con una m&aacute;xima de 20&deg;C&rdquo;, estableci&oacute; el meteor&oacute;logo.<\/span><\/div>\n<div id=\"m_6619324341778866119yiv6660211110yui_3_16_0_ym19_1_1503951090065_17918\"><span id=\"m_6619324341778866119yiv6660211110yui_3_16_0_ym19_1_1503951090065_17919\" lang=\"ES-TRAD\">&nbsp;<\/span><\/div>\n<div id=\"m_6619324341778866119yiv6660211110yui_3_16_0_ym19_1_1503951090065_17920\"><b id=\"m_6619324341778866119yiv6660211110yui_3_16_0_ym19_1_1503951090065_17921\"><span id=\"m_6619324341778866119yiv6660211110yui_3_16_0_ym19_1_1503951090065_17922\" lang=\"ES-TRAD\">Labores culturales preventivas<\/span><\/b><\/div>\n<div id=\"m_6619324341778866119yiv6660211110yui_3_16_0_ym19_1_1503951090065_17924\"><span id=\"m_6619324341778866119yiv6660211110yui_3_16_0_ym19_1_1503951090065_17925\" lang=\"ES-TRAD\">&nbsp;<\/span><\/div>\n<div id=\"m_6619324341778866119yiv6660211110yui_3_16_0_ym19_1_1503951090065_17926\"><span id=\"m_6619324341778866119yiv6660211110yui_3_16_0_ym19_1_1503951090065_17927\" lang=\"ES-TRAD\">El desequilibrio entre la escasa temperatura que el suelo recibe durante el d&iacute;a y las p&eacute;rdidas de calor provocadas durante la noche, produce las heladas. El suelo se enfr&iacute;a demasiado afectando tambi&eacute;n las capas de aire cercano. Por eso se recomienda evitar el enmalezamiento y rastrear entre hileras, ya que las malezas altas y el suelo suelto act&uacute;an como aislantes, frenando el aporte de calor del suelo.<\/span><\/div>\n<div id=\"m_6619324341778866119yiv6660211110yui_3_16_0_ym19_1_1503951090065_17928\"><span id=\"m_6619324341778866119yiv6660211110yui_3_16_0_ym19_1_1503951090065_17929\" lang=\"ES-TRAD\">&nbsp;<\/span><\/div>\n<div id=\"m_6619324341778866119yiv6660211110yui_3_16_0_ym19_1_1503951090065_17930\"><span id=\"m_6619324341778866119yiv6660211110yui_3_16_0_ym19_1_1503951090065_17931\" lang=\"ES-TRAD\">La superficie debe mantenerse compacta y sin vegetaci&oacute;n. Tambi&eacute;n es importante mantener el suelo h&uacute;medo, no saturado o inundado, ya que el agua es uno de los mejores conductores del calor y contribuye a enfriar m&aacute;s r&aacute;pidamente el sustrato. Se debe evitar la inundaci&oacute;n de los suelos durante la &eacute;poca de heladas.<\/span><\/div>\n<div id=\"m_6619324341778866119yiv6660211110yui_3_16_0_ym19_1_1503951090065_17932\"><span id=\"m_6619324341778866119yiv6660211110yui_3_16_0_ym19_1_1503951090065_17933\" lang=\"ES-TRAD\">&nbsp;<\/span><\/div>\n<div id=\"m_6619324341778866119yiv6660211110yui_3_16_0_ym19_1_1503951090065_17934\"><span id=\"m_6619324341778866119yiv6660211110yui_3_16_0_ym19_1_1503951090065_17935\" lang=\"ES-TRAD\">En caso de utilizar m&eacute;todos de defensa activa contra las heladas, se debe evitar la quema de objetos que contaminen el ambiente y la producci&oacute;n y generen barreras que impidan la entrada de los rayos de sol en las horas posteriores a la helada.<\/span><\/div>\n<div id=\"m_6619324341778866119yiv6660211110yui_3_16_0_ym19_1_1503951090065_17936\"><span id=\"m_6619324341778866119yiv6660211110yui_3_16_0_ym19_1_1503951090065_17937\" lang=\"ES-TRAD\">&nbsp;<\/span><\/div>\n<div id=\"m_6619324341778866119yiv6660211110yui_3_16_0_ym19_1_1503951090065_17938\"><b id=\"m_6619324341778866119yiv6660211110yui_3_16_0_ym19_1_1503951090065_17939\"><span id=\"m_6619324341778866119yiv6660211110yui_3_16_0_ym19_1_1503951090065_17940\" lang=\"ES-TRAD\">Seguro Agr&iacute;cola<\/span><\/b><\/div>\n<div id=\"m_6619324341778866119yiv6660211110yui_3_16_0_ym19_1_1503951090065_17942\"><span id=\"m_6619324341778866119yiv6660211110yui_3_16_0_ym19_1_1503951090065_17943\" lang=\"ES-TRAD\">&nbsp;<\/span><\/div>\n<div id=\"m_6619324341778866119yiv6660211110yui_3_16_0_ym19_1_1503951090065_17944\"><span id=\"m_6619324341778866119yiv6660211110yui_3_16_0_ym19_1_1503951090065_17945\" lang=\"ES-TRAD\">El riesgo de sufrir p&eacute;rdidas en la producci&oacute;n por heladas tard&iacute;as es inminente en todo el territorio provincial. Las estad&iacute;sticas confirman que los da&ntilde;os pueden ser mayores a los que provoca el granizo, por eso es necesario contar con alg&uacute;n tipo de seguro para resguardar los cultivos.<\/span><\/div>\n<div id=\"m_6619324341778866119yiv6660211110yui_3_16_0_ym19_1_1503951090065_17946\"><span id=\"m_6619324341778866119yiv6660211110yui_3_16_0_ym19_1_1503951090065_17947\" lang=\"ES-TRAD\">&nbsp;<\/span><\/div>\n<div id=\"m_6619324341778866119yiv6660211110yui_3_16_0_ym19_1_1503951090065_17948\"><span id=\"m_6619324341778866119yiv6660211110yui_3_16_0_ym19_1_1503951090065_17949\" lang=\"ES-TRAD\">El Gobierno provincial ofrece el Seguro Agr&iacute;cola, un sistema colectivo que brinda cobertura para los productores de vid, frutales, hortalizas de verano y cereales para forrajes. El monto de los pagos compensatorios asciende a $10.000 por hect&aacute;rea para vid, hortalizas de verano y frutales y a $3.000 para cereales, en caso de que las p&eacute;rdidas sean del 100%.<\/span><\/div>\n<div id=\"m_6619324341778866119yiv6660211110yui_3_16_0_ym19_1_1503951090065_17950\"><span id=\"m_6619324341778866119yiv6660211110yui_3_16_0_ym19_1_1503951090065_17951\" lang=\"ES-TRAD\">&nbsp;<\/span><\/div>\n<div id=\"m_6619324341778866119yiv6660211110yui_3_16_0_ym19_1_1503951090065_17952\"><span id=\"m_6619324341778866119yiv6660211110yui_3_16_0_ym19_1_1503951090065_17953\" lang=\"ES-TRAD\">Entre los principales puntos del reglamento se destaca que lo productores de hasta 20 hect&aacute;reas recibir&aacute;n un subsidio para abonar el costo b&aacute;sico y que los pagos de las indemnizaciones ser&aacute;n liquidados antes del 30 de abril de cada a&ntilde;o.<\/span><\/div>\n<div id=\"m_6619324341778866119yiv6660211110yui_3_16_0_ym19_1_1503951090065_17954\"><span id=\"m_6619324341778866119yiv6660211110yui_3_16_0_ym19_1_1503951090065_17955\" lang=\"ES-TRAD\">&nbsp;<\/span><\/div>\n<div>El pr&oacute;ximo 31 de agosto es la fecha l&iacute;mite para adherir al Seguro Agr&iacute;cola. Los que no abonen hasta esa fecha no podr&aacute;n percibir compensaciones por contingencias. Los interesados pueden realizar consultas en el sitio de la Direcci&oacute;n de Agricultura y Contingencias.<\/div>\n<\/body><\/html>\n","protected":false},"excerpt":{"rendered":"As\u00ed lo se\u00f1ala informe meteorol\u00f3gico de la Direcci\u00f3n de Agricultura y Contingencias Clim\u00e1ticas. Para reducir los da\u00f1os son necesarias las labores culturales adecuadas y contar con un seguro agr\u00edcola. Recordaron que el 31 vence la inscripci\u00f3n al Seguro Agr\u00edcola.","protected":false},"author":3,"featured_media":101612,"comment_status":"open","ping_status":"open","sticky":false,"template":"","format":"standard","meta":[],"categories":[1],"tags":[],"_links":{"self":[{"href":"https:\/\/www.mendoza.gov.ar\/prensa\/wp-json\/wp\/v2\/posts\/101611"}],"collection":[{"href":"https:\/\/www.mendoza.gov.ar\/prensa\/wp-json\/wp\/v2\/posts"}],"about":[{"href":"https:\/\/www.mendoza.gov.ar\/prensa\/wp-json\/wp\/v2\/types\/post"}],"author":[{"embeddable":true,"href":"https:\/\/www.mendoza.gov.ar\/prensa\/wp-json\/wp\/v2\/users\/3"}],"replies":[{"embeddable":true,"href":"https:\/\/www.mendoza.gov.ar\/prensa\/wp-json\/wp\/v2\/comments?post=101611"}],"version-history":[{"count":0,"href":"https:\/\/www.mendoza.gov.ar\/prensa\/wp-json\/wp\/v2\/posts\/101611\/revisions"}],"wp:featuredmedia":[{"embeddable":true,"href":"https:\/\/www.mendoza.gov.ar\/prensa\/wp-json\/wp\/v2\/media\/101612"}],"wp:attachment":[{"href":"https:\/\/www.mendoza.gov.ar\/prensa\/wp-json\/wp\/v2\/media?parent=101611"}],"wp:term":[{"taxonomy":"category","embeddable":true,"href":"https:\/\/www.mendoza.gov.ar\/prensa\/wp-json\/wp\/v2\/categories?post=101611"},{"taxonomy":"post_tag","embeddable":true,"href":"https:\/\/www.mendoza.gov.ar\/prensa\/wp-json\/wp\/v2\/tags?post=101611"}],"curies":[{"name":"wp","href":"https:\/\/api.w.org\/{rel}","templated":true}]}}