{"id":101634,"date":"2017-08-29T12:00:12","date_gmt":"2017-08-29T15:00:12","guid":{"rendered":"http:\/\/prensa.mendoza.gov.ar\/?p=101634"},"modified":"2017-08-29T12:00:12","modified_gmt":"2017-08-29T15:00:12","slug":"vandalismo-en-el-transporte-publico-se-destinan-miles-de-pesos-en-arreglos","status":"publish","type":"post","link":"https:\/\/www.mendoza.gov.ar\/prensa\/vandalismo-en-el-transporte-publico-se-destinan-miles-de-pesos-en-arreglos\/","title":{"rendered":"Vandalismo en el transporte p\u00fablico: miles de pesos\u00a0en arreglos"},"content":{"rendered":"<!DOCTYPE html PUBLIC \"-\/\/W3C\/\/DTD HTML 4.0 Transitional\/\/EN\" \"http:\/\/www.w3.org\/TR\/REC-html40\/loose.dtd\">\n<html><body><p>Durante esta primera mitad del a&ntilde;o, la Sociedad de Transporte de Mendoza (STM) ha tenido que realizar una inversi&oacute;n de $75.294,88 en el arreglo de colectivos y duplas del metrotranv&iacute;a luego de que sufrieran hechos de vandalismos.<\/p>\n<p>En las unidades de&nbsp;los grupos 11 y 12, los da&ntilde;os m&aacute;s reiterados que se han producido en estos 6 meses es la rotura de ventanillas y parabrisas, luego de ser apedreados en su recorrido.<\/p>\n<p>En el caso de la L&iacute;nea Pedro Molina-Unimev, que pertenece al denominado Grupo 11, la STM debi&oacute; pagar $14.887,54 en arreglos; en tanto en las l&iacute;neas pertenecientes al segundo Grupo, Parque, UNC y Pellegrini, el desembolso fue de $37.407,34.<\/p>\n<p>El Metrotranv&iacute;a no escap&oacute; a esta situaci&oacute;n de inseguridad, ya que se invirtieron alrededor de $23 mil en el repintado de paradores, interior de la duplas y reposici&oacute;n de ventanillas.<\/p>\n<p><a href=\"https:\/\/www.mendoza.gov.ar\/prensa\/wp-content\/uploads\/sites\/23\/IMG-20170105-WA0016.jpg\"><img loading=\"lazy\" class=\"alignnone wp-image-101639 img-responsive center-block\" src=\"https:\/\/www.mendoza.gov.ar\/prensa\/wp-content\/uploads\/sites\/23\/IMG-20170105-WA0016.jpg\" alt=\"\" width=\"650\" height=\"488\"><\/a><\/p>\n<p>&ldquo;Nos preocupa mucho esta situaci&oacute;n, ya que tambi&eacute;n corren peligro nuestros choferes y los propios pasajeros. Desde la empresa hemos contratado el servicio extraordinario de polic&iacute;as para algunos recorridos, por ejemplo, para ingresar al barrio&nbsp;San Mart&iacute;n,y a&uacute;n con custodio a bordo las agresiones persisten. Entonces a los gastos que hemos tenido que afrontar en arreglos se suman los $200.000 por este servicio de seguridad&rdquo;, dijo Leopoldo Cairone.<\/p>\n<p><strong>Mejoras en el servicio<\/strong><\/p>\n<p>Desde su creaci&oacute;n, la Sociedad de Transporte de Mendoza se ha abocado a trabajar intensamente en mejorar la prestaci&oacute;n de&nbsp;los servicios a su cargo. Tantoes as&iacute;, que se incorpor&oacute; un nuevo recorrido, el troncal que remplaz&oacute; al trole Godoy Cruz- Las Heras. Otro servicio nuevo que funciona desde abril es el Godoy Cruz-Centro. Adem&aacute;s, se incorporaron 22 unidades nuevas para la L&iacute;nea Pedro Molina-Unimev&nbsp;permitiendo llegar, despu&eacute;s de a&ntilde;os, a una frecuencia cada 11 minutos.<\/p>\n<p>Por otro lado, el directorio ha impulsado la capacitaci&oacute;n a todo su personal, tanto administrativo como ch&oacute;feres, en t&eacute;cnicas de reanimaci&oacute;n cardiopulmonar (RCP).<\/p>\n<p>Si bien la planta de personal se redujo de 496 a 197, se est&aacute; realizando un mejor trabajo, con mayor compromiso para prestar un servicio de transporte de calidad.<\/p>\n<p><a href=\"https:\/\/www.mendoza.gov.ar\/prensa\/wp-content\/uploads\/sites\/23\/IMG-20170118-WA0028.jpg\"><img loading=\"lazy\" class=\"alignnone wp-image-101638 img-responsive center-block\" src=\"https:\/\/www.mendoza.gov.ar\/prensa\/wp-content\/uploads\/sites\/23\/IMG-20170118-WA0028.jpg\" alt=\"\" width=\"650\" height=\"488\"><\/a><\/p>\n<\/body><\/html>\n","protected":false},"excerpt":{"rendered":"En los primeros 6 meses del a\u00f1o, la STM gast\u00f3 m\u00e1s de $75.000.\u00a0Comprende las l\u00edneas pertenecientes a los Grupos 11, 12 y al Metrotranv\u00eda. La agresi\u00f3n con piedras a los colectivos y los grafitis en el Metrotranv\u00eda son los da\u00f1os m\u00e1s recurrentes.\u00a0","protected":false},"author":3,"featured_media":101640,"comment_status":"open","ping_status":"open","sticky":false,"template":"","format":"standard","meta":[],"categories":[34],"tags":[],"_links":{"self":[{"href":"https:\/\/www.mendoza.gov.ar\/prensa\/wp-json\/wp\/v2\/posts\/101634"}],"collection":[{"href":"https:\/\/www.mendoza.gov.ar\/prensa\/wp-json\/wp\/v2\/posts"}],"about":[{"href":"https:\/\/www.mendoza.gov.ar\/prensa\/wp-json\/wp\/v2\/types\/post"}],"author":[{"embeddable":true,"href":"https:\/\/www.mendoza.gov.ar\/prensa\/wp-json\/wp\/v2\/users\/3"}],"replies":[{"embeddable":true,"href":"https:\/\/www.mendoza.gov.ar\/prensa\/wp-json\/wp\/v2\/comments?post=101634"}],"version-history":[{"count":0,"href":"https:\/\/www.mendoza.gov.ar\/prensa\/wp-json\/wp\/v2\/posts\/101634\/revisions"}],"wp:featuredmedia":[{"embeddable":true,"href":"https:\/\/www.mendoza.gov.ar\/prensa\/wp-json\/wp\/v2\/media\/101640"}],"wp:attachment":[{"href":"https:\/\/www.mendoza.gov.ar\/prensa\/wp-json\/wp\/v2\/media?parent=101634"}],"wp:term":[{"taxonomy":"category","embeddable":true,"href":"https:\/\/www.mendoza.gov.ar\/prensa\/wp-json\/wp\/v2\/categories?post=101634"},{"taxonomy":"post_tag","embeddable":true,"href":"https:\/\/www.mendoza.gov.ar\/prensa\/wp-json\/wp\/v2\/tags?post=101634"}],"curies":[{"name":"wp","href":"https:\/\/api.w.org\/{rel}","templated":true}]}}