{"id":101654,"date":"2017-08-29T13:15:37","date_gmt":"2017-08-29T16:15:37","guid":{"rendered":"http:\/\/prensa.mendoza.gov.ar\/?p=101654"},"modified":"2017-08-29T13:15:37","modified_gmt":"2017-08-29T16:15:37","slug":"osep-cerca-estrenara-nuevo-edificio-en-guaymallen","status":"publish","type":"post","link":"https:\/\/www.mendoza.gov.ar\/prensa\/osep-cerca-estrenara-nuevo-edificio-en-guaymallen\/","title":{"rendered":"OSEP Cerca estrenar\u00e1 nuevo edificio en Guaymall\u00e9n"},"content":{"rendered":"<!DOCTYPE html PUBLIC \"-\/\/W3C\/\/DTD HTML 4.0 Transitional\/\/EN\" \"http:\/\/www.w3.org\/TR\/REC-html40\/loose.dtd\">\n<html><body><div id=\"m_771448103499874038yui_3_16_0_ym19_1_1504021808031_2830\" style=\"text-align: left\" align=\"JUSTIFY\"><span id=\"m_771448103499874038yui_3_16_0_ym19_1_1504021808031_2831\">El pr&oacute;ximo viernes 1 de setiembre quedar&aacute; inaugurada la nueva sede de OSEP Cerca en Guaymall&eacute;n. Est&aacute; ubicada en avenida&nbsp;Libertad 242 de Villa Nueva, entre Bandera de los Andes y Yatay. El edificio tiene una&nbsp;amplia recepci&oacute;n y sala de espera, tres&nbsp;consultorios, espacio para residuos patol&oacute;gicos, cocina, SUM para talleres y reuniones de equipos. Tambi&eacute;n posee patio y cochera para el desarrollo de actividad f&iacute;sica.<\/span><\/div>\n<div style=\"text-align: left\" align=\"JUSTIFY\"><\/div>\n<div id=\"m_771448103499874038yui_3_16_0_ym19_1_1504021808031_2832\" align=\"JUSTIFY\"><span id=\"m_771448103499874038yui_3_16_0_ym19_1_1504021808031_2833\">El horario de atenci&oacute;n de la nueva sede ser&aacute; de 7.30 a 18.30 y ofrecer&aacute; los siguientes servicios:<\/span><\/div>\n<ul id=\"m_771448103499874038yui_3_16_0_ym19_1_1504021808031_2834\">\n<li id=\"m_771448103499874038yui_3_16_0_ym19_1_1504021808031_2835\">\n<div id=\"m_771448103499874038yui_3_16_0_ym19_1_1504021808031_2836\" align=\"JUSTIFY\"><span id=\"m_771448103499874038yui_3_16_0_ym19_1_1504021808031_2837\">Atenci&oacute;n psicol&oacute;gica de ni&ntilde;os y adultos.<\/span><\/div>\n<\/li>\n<li id=\"m_771448103499874038yui_3_16_0_ym19_1_1504021808031_2838\">\n<div id=\"m_771448103499874038yui_3_16_0_ym19_1_1504021808031_2839\" align=\"JUSTIFY\"><span id=\"m_771448103499874038yui_3_16_0_ym19_1_1504021808031_2840\">Atenci&oacute;n psiqui&aacute;trica.<\/span><\/div>\n<\/li>\n<li id=\"m_771448103499874038yui_3_16_0_ym19_1_1504021808031_2841\">\n<div id=\"m_771448103499874038yui_3_16_0_ym19_1_1504021808031_2842\" align=\"JUSTIFY\"><span id=\"m_771448103499874038yui_3_16_0_ym19_1_1504021808031_2843\">Talleres de actividad f&iacute;sica.<\/span><\/div>\n<\/li>\n<li id=\"m_771448103499874038yui_3_16_0_ym19_1_1504021808031_2844\">\n<div id=\"m_771448103499874038yui_3_16_0_ym19_1_1504021808031_2845\" align=\"JUSTIFY\"><span id=\"m_771448103499874038yui_3_16_0_ym19_1_1504021808031_2846\">Talleres de educaci&oacute;n terap&eacute;utica semanales: Viernes saludables, viernes en familia.<\/span><\/div>\n<\/li>\n<li id=\"m_771448103499874038yui_3_16_0_ym19_1_1504021808031_2847\">\n<div id=\"m_771448103499874038yui_3_16_0_ym19_1_1504021808031_2848\" align=\"JUSTIFY\"><span id=\"m_771448103499874038yui_3_16_0_ym19_1_1504021808031_2849\">Consultorio de cesaci&oacute;n tab&aacute;quica.<\/span><\/div>\n<\/li>\n<li id=\"m_771448103499874038yui_3_16_0_ym19_1_1504021808031_2850\">\n<div id=\"m_771448103499874038yui_3_16_0_ym19_1_1504021808031_2851\" align=\"JUSTIFY\"><span id=\"m_771448103499874038yui_3_16_0_ym19_1_1504021808031_2852\">Consultorio de dermatolog&iacute;a.<\/span><\/div>\n<\/li>\n<li id=\"m_771448103499874038yui_3_16_0_ym19_1_1504021808031_2853\">\n<div id=\"m_771448103499874038yui_3_16_0_ym19_1_1504021808031_2854\" align=\"JUSTIFY\"><span id=\"m_771448103499874038yui_3_16_0_ym19_1_1504021808031_2855\">Consultorio de nutrici&oacute;n.<\/span><\/div>\n<\/li>\n<li id=\"m_771448103499874038yui_3_16_0_ym19_1_1504021808031_2856\">\n<div id=\"m_771448103499874038yui_3_16_0_ym19_1_1504021808031_2857\" align=\"JUSTIFY\"><span id=\"m_771448103499874038yui_3_16_0_ym19_1_1504021808031_2858\">Salud sexual y reproductiva.<\/span><\/div>\n<\/li>\n<li id=\"m_771448103499874038yui_3_16_0_ym19_1_1504021808031_2859\">\n<div id=\"m_771448103499874038yui_3_16_0_ym19_1_1504021808031_2860\" align=\"JUSTIFY\"><span id=\"m_771448103499874038yui_3_16_0_ym19_1_1504021808031_2861\">Centro de empadronamiento Nacer en OSEP.<\/span><\/div>\n<\/li>\n<li id=\"m_771448103499874038yui_3_16_0_ym19_1_1504021808031_2862\">\n<div id=\"m_771448103499874038yui_3_16_0_ym19_1_1504021808031_2863\" align=\"JUSTIFY\"><span id=\"m_771448103499874038yui_3_16_0_ym19_1_1504021808031_2864\">Admisi&oacute;n de atenci&oacute;n temprana.<\/span><\/div>\n<\/li>\n<\/ul>\n<div id=\"m_771448103499874038yui_3_16_0_ym19_1_1504021808031_2865\" align=\"JUSTIFY\"><span id=\"m_771448103499874038yui_3_16_0_ym19_1_1504021808031_2866\">En la actualidad, el equipo de salud ha crecido. La unidad de atenci&oacute;n familiar OSEP Cerca cuenta con:<\/span><\/div>\n<ul id=\"m_771448103499874038yui_3_16_0_ym19_1_1504021808031_2867\">\n<li id=\"m_771448103499874038yui_3_16_0_ym19_1_1504021808031_2868\">\n<div id=\"m_771448103499874038yui_3_16_0_ym19_1_1504021808031_2869\" align=\"JUSTIFY\"><span id=\"m_771448103499874038yui_3_16_0_ym19_1_1504021808031_2870\">Un&nbsp;pediatra.<\/span><\/div>\n<\/li>\n<li id=\"m_771448103499874038yui_3_16_0_ym19_1_1504021808031_2871\">\n<div id=\"m_771448103499874038yui_3_16_0_ym19_1_1504021808031_2872\" align=\"JUSTIFY\"><span id=\"m_771448103499874038yui_3_16_0_ym19_1_1504021808031_2873\">Cuatro&nbsp;m&eacute;dicos de familia.<\/span><\/div>\n<\/li>\n<li id=\"m_771448103499874038yui_3_16_0_ym19_1_1504021808031_2874\">\n<div id=\"m_771448103499874038yui_3_16_0_ym19_1_1504021808031_2875\" align=\"JUSTIFY\"><span id=\"m_771448103499874038yui_3_16_0_ym19_1_1504021808031_2876\">Una&nbsp;ginec&oacute;loga.<\/span><\/div>\n<\/li>\n<li id=\"m_771448103499874038yui_3_16_0_ym19_1_1504021808031_2877\">\n<div id=\"m_771448103499874038yui_3_16_0_ym19_1_1504021808031_2878\" align=\"JUSTIFY\"><span id=\"m_771448103499874038yui_3_16_0_ym19_1_1504021808031_2879\">Una&nbsp;m&eacute;dica cl&iacute;nica.<\/span><\/div>\n<\/li>\n<li id=\"m_771448103499874038yui_3_16_0_ym19_1_1504021808031_2880\">\n<div id=\"m_771448103499874038yui_3_16_0_ym19_1_1504021808031_2881\" align=\"JUSTIFY\"><span id=\"m_771448103499874038yui_3_16_0_ym19_1_1504021808031_2882\">Una&nbsp;m&eacute;dica psiquiatra.<\/span><\/div>\n<\/li>\n<li id=\"m_771448103499874038yui_3_16_0_ym19_1_1504021808031_2883\">\n<div id=\"m_771448103499874038yui_3_16_0_ym19_1_1504021808031_2884\" align=\"JUSTIFY\"><span id=\"m_771448103499874038yui_3_16_0_ym19_1_1504021808031_2885\">Una&nbsp;licenciada en psicolog&iacute;a infantil.<\/span><\/div>\n<\/li>\n<li id=\"m_771448103499874038yui_3_16_0_ym19_1_1504021808031_2886\">\n<div id=\"m_771448103499874038yui_3_16_0_ym19_1_1504021808031_2887\" align=\"JUSTIFY\"><span id=\"m_771448103499874038yui_3_16_0_ym19_1_1504021808031_2888\">Una licenciada en psicolog&iacute;a de adultos.<\/span><\/div>\n<\/li>\n<li id=\"m_771448103499874038yui_3_16_0_ym19_1_1504021808031_2889\">\n<div id=\"m_771448103499874038yui_3_16_0_ym19_1_1504021808031_2890\" align=\"JUSTIFY\"><span id=\"m_771448103499874038yui_3_16_0_ym19_1_1504021808031_2891\">Una&nbsp;enfermera-administrativa.<\/span><\/div>\n<\/li>\n<li id=\"m_771448103499874038yui_3_16_0_ym19_1_1504021808031_2892\">\n<div id=\"m_771448103499874038yui_3_16_0_ym19_1_1504021808031_2893\" align=\"JUSTIFY\"><span id=\"m_771448103499874038yui_3_16_0_ym19_1_1504021808031_2894\">Un profesor de&nbsp;educaci&oacute;n f&iacute;sica.<\/span><\/div>\n<\/li>\n<\/ul>\n<div id=\"m_771448103499874038yui_3_16_0_ym19_1_1504021808031_2895\" style=\"text-align: left\" align=\"JUSTIFY\"><span id=\"m_771448103499874038yui_3_16_0_ym19_1_1504021808031_2896\">La Unidad de Atenci&oacute;n familiar que funciona en la Municipalidad de Guaymall&eacute;n viene prestando servicios de salud a los afiliados de OSEP y a la comunidad de Guaymall&eacute;n desde julio de 2004, cuando fue inaugurado como uno de los primeros centros de atenci&oacute;n de OSEP Cerca. Se constituy&oacute; por convenio interinstitucional, OSEP-Municipio, con acuerdo de prestaciones y contraprestaciones mutuas.<\/span><\/div>\n<div style=\"text-align: left\" align=\"JUSTIFY\"><\/div>\n<div id=\"m_771448103499874038yui_3_16_0_ym19_1_1504021808031_2897\" align=\"JUSTIFY\"><span id=\"m_771448103499874038yui_3_16_0_ym19_1_1504021808031_2898\">En 2015, la Unidad de Atenci&oacute;n Familiar tuvo 9.053 consultas y en 2016 recibi&oacute; 9.955.<\/span><\/div>\n<\/body><\/html>\n","protected":false},"excerpt":{"rendered":"Ser\u00e1 este viernes. El horario de atenci\u00f3n de la nueva sede ser\u00e1 de 7.30 a 18.30.","protected":false},"author":3,"featured_media":0,"comment_status":"open","ping_status":"open","sticky":false,"template":"","format":"standard","meta":[],"categories":[30],"tags":[],"_links":{"self":[{"href":"https:\/\/www.mendoza.gov.ar\/prensa\/wp-json\/wp\/v2\/posts\/101654"}],"collection":[{"href":"https:\/\/www.mendoza.gov.ar\/prensa\/wp-json\/wp\/v2\/posts"}],"about":[{"href":"https:\/\/www.mendoza.gov.ar\/prensa\/wp-json\/wp\/v2\/types\/post"}],"author":[{"embeddable":true,"href":"https:\/\/www.mendoza.gov.ar\/prensa\/wp-json\/wp\/v2\/users\/3"}],"replies":[{"embeddable":true,"href":"https:\/\/www.mendoza.gov.ar\/prensa\/wp-json\/wp\/v2\/comments?post=101654"}],"version-history":[{"count":0,"href":"https:\/\/www.mendoza.gov.ar\/prensa\/wp-json\/wp\/v2\/posts\/101654\/revisions"}],"wp:attachment":[{"href":"https:\/\/www.mendoza.gov.ar\/prensa\/wp-json\/wp\/v2\/media?parent=101654"}],"wp:term":[{"taxonomy":"category","embeddable":true,"href":"https:\/\/www.mendoza.gov.ar\/prensa\/wp-json\/wp\/v2\/categories?post=101654"},{"taxonomy":"post_tag","embeddable":true,"href":"https:\/\/www.mendoza.gov.ar\/prensa\/wp-json\/wp\/v2\/tags?post=101654"}],"curies":[{"name":"wp","href":"https:\/\/api.w.org\/{rel}","templated":true}]}}