{"id":101850,"date":"2017-08-30T17:01:47","date_gmt":"2017-08-30T20:01:47","guid":{"rendered":"http:\/\/prensa.mendoza.gov.ar\/?p=101850"},"modified":"2017-08-30T17:01:47","modified_gmt":"2017-08-30T20:01:47","slug":"duelo-perinatal-en-las-jornadas-internacionales-de-obstetricia-que-se-realizan-en-mendoza","status":"publish","type":"post","link":"https:\/\/www.mendoza.gov.ar\/prensa\/duelo-perinatal-en-las-jornadas-internacionales-de-obstetricia-que-se-realizan-en-mendoza\/","title":{"rendered":"\u201cDuelo perinatal\u201d, en las Jornadas Internacionales de Obstetricia"},"content":{"rendered":"<!DOCTYPE html PUBLIC \"-\/\/W3C\/\/DTD HTML 4.0 Transitional\/\/EN\" \"http:\/\/www.w3.org\/TR\/REC-html40\/loose.dtd\">\n<html><body><p>En el marco de las Primeras Jornadas Internacionales de Obstetricia, que se desarrollan en nuestra provincia y son organizadas por la Sociedad Obst&eacute;trica Mendocina, hoy se vivi&oacute; el segundo encuentro, con el auspicio de OSEP.<\/p>\n<p>El primer encuentro se llev&oacute; a cabo ayer, en el Hospital Ram&oacute;n Carrillo de Las Heras. En la jornada de hoy, tuvo lugar en el edificio OSEP Xeltahuina, Salta 877 de Ciudad.<\/p>\n<p>Se desarroll&oacute; una capacitaci&oacute;n para numerosos profesionales, entre&nbsp;ellos licenciados en obstetricia, m&eacute;dicos, enfermeros y kinesi&oacute;logos.<\/p>\n<p>El tema principal que se abord&oacute; fue &ldquo;duelo perinatal&rdquo;, a cargo de la partera puertorrique&ntilde;a Rita Aparicio. La especialista realiz&oacute; una rica exposici&oacute;n acerca de los interrogantes que suelen tener los profesionales sobre qu&eacute; decir y hacer para acompa&ntilde;ar el duelo ante una muerte no prevista, qu&eacute; impacto tiene en los padres y c&oacute;mo acompa&ntilde;arlos en el dolor ante la p&eacute;rdida del hijo que esperaban.<\/p>\n<p>La actividad tambi&eacute;n cont&oacute; con la presencia del doctor Walter Mesas, coordinador del programa Nacer en OSEP; la licenciada Ver&oacute;nica Bravo, jefa del servicio de Obstetricia de la Maternidad Virgen de la Misericordia, y referentes obst&eacute;tricos del Ministerio de Salud de la provincia y de la Sociedad Obst&eacute;trica Mendocina.<\/p>\n<p>Cabe destacar que el encuentro se realiz&oacute; con &eacute;xito, ya que m&aacute;s de 100 profesionales participaron activamente de la exposici&oacute;n y compartieron sus inquietudes.<\/p>\n<\/body><\/html>\n","protected":false},"excerpt":{"rendered":"La partera puertorrique\u00f1a Rita Aparicio expuso sobre los interrogantes que suelen tener los profesionales sobre qu\u00e9 decir y hacer para acompa\u00f1ar el duelo ante una muerte no prevista, qu\u00e9 impacto tiene en los padres y c\u00f3mo acompa\u00f1arlos en el dolor ante la p\u00e9rdida del hijo que esperaban.","protected":false},"author":3,"featured_media":101851,"comment_status":"open","ping_status":"open","sticky":false,"template":"","format":"standard","meta":[],"categories":[30],"tags":[],"_links":{"self":[{"href":"https:\/\/www.mendoza.gov.ar\/prensa\/wp-json\/wp\/v2\/posts\/101850"}],"collection":[{"href":"https:\/\/www.mendoza.gov.ar\/prensa\/wp-json\/wp\/v2\/posts"}],"about":[{"href":"https:\/\/www.mendoza.gov.ar\/prensa\/wp-json\/wp\/v2\/types\/post"}],"author":[{"embeddable":true,"href":"https:\/\/www.mendoza.gov.ar\/prensa\/wp-json\/wp\/v2\/users\/3"}],"replies":[{"embeddable":true,"href":"https:\/\/www.mendoza.gov.ar\/prensa\/wp-json\/wp\/v2\/comments?post=101850"}],"version-history":[{"count":0,"href":"https:\/\/www.mendoza.gov.ar\/prensa\/wp-json\/wp\/v2\/posts\/101850\/revisions"}],"wp:featuredmedia":[{"embeddable":true,"href":"https:\/\/www.mendoza.gov.ar\/prensa\/wp-json\/wp\/v2\/media\/101851"}],"wp:attachment":[{"href":"https:\/\/www.mendoza.gov.ar\/prensa\/wp-json\/wp\/v2\/media?parent=101850"}],"wp:term":[{"taxonomy":"category","embeddable":true,"href":"https:\/\/www.mendoza.gov.ar\/prensa\/wp-json\/wp\/v2\/categories?post=101850"},{"taxonomy":"post_tag","embeddable":true,"href":"https:\/\/www.mendoza.gov.ar\/prensa\/wp-json\/wp\/v2\/tags?post=101850"}],"curies":[{"name":"wp","href":"https:\/\/api.w.org\/{rel}","templated":true}]}}