{"id":101912,"date":"2017-08-31T11:08:18","date_gmt":"2017-08-31T14:08:18","guid":{"rendered":"http:\/\/prensa.mendoza.gov.ar\/?p=101912"},"modified":"2017-08-31T11:08:18","modified_gmt":"2017-08-31T14:08:18","slug":"brindaran-atencion-oftalmologica-gratuita-a-adultos-mayores","status":"publish","type":"post","link":"https:\/\/www.mendoza.gov.ar\/prensa\/brindaran-atencion-oftalmologica-gratuita-a-adultos-mayores\/","title":{"rendered":"Brindar\u00e1n atenci\u00f3n oftalmol\u00f3gica gratuita a adultos mayores"},"content":{"rendered":"<!DOCTYPE html PUBLIC \"-\/\/W3C\/\/DTD HTML 4.0 Transitional\/\/EN\" \"http:\/\/www.w3.org\/TR\/REC-html40\/loose.dtd\">\n<html><body><p>La Direcci&oacute;n Atenci&oacute;n de Adultos Mayores (DAAM) y la Fundaci&oacute;n Diagn&oacute;stico y Tratamiento de Enfermedades de la Retina (DYTER) firmaron un acuerdo de reciprocidad. Aldo S&aacute;ez, director de Adultos Mayores, y Pedro Miranda, de DYTER, rubricaron el convenio&nbsp;para trabajar en conjunto y mejorar la salud visual de personas adultas mayores de Mendoza.<\/p>\n<p>La Fundaci&oacute;n DYTER atender&aacute; pacientes y realizar&aacute; controles y seguimiento de cada uno, y en caso de ser necesario, efectuar&aacute; intervenciones quir&uacute;rgicas y atenci&oacute;n postoperatoria.<\/p>\n<p>Para esto, destinar&aacute;n un d&iacute;a cada dos semanas, en el cual podr&aacute;n acercarse 12 adultos mayores de los hogares que tiene la direcci&oacute;n a cargo. Las consultas ser&aacute;n gratuitas, tengan obra social o no. En el caso de que el paciente necesite ser operado, la fundaci&oacute;n donar&aacute; los honorarios de los especialistas.<\/p>\n<p>Adem&aacute;s, en caso de que algunos adultos mayores residentes en hogares no est&eacute;n en condiciones de trasladarse por problemas de salud, se los atender&aacute; en los domicilios. Para esto, se ha establecido realizar una salida anual a cada uno de los siete hogares.<\/p>\n<p>La Direcci&oacute;n de Atenci&oacute;n a los Adultos Mayores trasladar&aacute; a los pacientes a las instalaciones de la fundaci&oacute;n cada vez que tengan turno y a los profesionales con los equipos hasta un hogar para realizar la pr&aacute;ctica.<\/p>\n<\/body><\/html>\n","protected":false},"excerpt":{"rendered":"Lo har\u00e1 la Fundaci\u00f3n DYTER y contempla los honorarios para intervenciones quir\u00fargicas.","protected":false},"author":3,"featured_media":101916,"comment_status":"open","ping_status":"open","sticky":false,"template":"","format":"standard","meta":[],"categories":[32],"tags":[],"_links":{"self":[{"href":"https:\/\/www.mendoza.gov.ar\/prensa\/wp-json\/wp\/v2\/posts\/101912"}],"collection":[{"href":"https:\/\/www.mendoza.gov.ar\/prensa\/wp-json\/wp\/v2\/posts"}],"about":[{"href":"https:\/\/www.mendoza.gov.ar\/prensa\/wp-json\/wp\/v2\/types\/post"}],"author":[{"embeddable":true,"href":"https:\/\/www.mendoza.gov.ar\/prensa\/wp-json\/wp\/v2\/users\/3"}],"replies":[{"embeddable":true,"href":"https:\/\/www.mendoza.gov.ar\/prensa\/wp-json\/wp\/v2\/comments?post=101912"}],"version-history":[{"count":0,"href":"https:\/\/www.mendoza.gov.ar\/prensa\/wp-json\/wp\/v2\/posts\/101912\/revisions"}],"wp:featuredmedia":[{"embeddable":true,"href":"https:\/\/www.mendoza.gov.ar\/prensa\/wp-json\/wp\/v2\/media\/101916"}],"wp:attachment":[{"href":"https:\/\/www.mendoza.gov.ar\/prensa\/wp-json\/wp\/v2\/media?parent=101912"}],"wp:term":[{"taxonomy":"category","embeddable":true,"href":"https:\/\/www.mendoza.gov.ar\/prensa\/wp-json\/wp\/v2\/categories?post=101912"},{"taxonomy":"post_tag","embeddable":true,"href":"https:\/\/www.mendoza.gov.ar\/prensa\/wp-json\/wp\/v2\/tags?post=101912"}],"curies":[{"name":"wp","href":"https:\/\/api.w.org\/{rel}","templated":true}]}}