{"id":102076,"date":"2017-09-01T11:21:59","date_gmt":"2017-09-01T14:21:59","guid":{"rendered":"http:\/\/prensa.mendoza.gov.ar\/?p=102076"},"modified":"2017-09-01T11:21:59","modified_gmt":"2017-09-01T14:21:59","slug":"osep-celiaquia-en-san-rafael","status":"publish","type":"post","link":"https:\/\/www.mendoza.gov.ar\/prensa\/osep-celiaquia-en-san-rafael\/","title":{"rendered":"OSEP: controles de celiaqu\u00eda en San Rafael"},"content":{"rendered":"<!DOCTYPE html PUBLIC \"-\/\/W3C\/\/DTD HTML 4.0 Transitional\/\/EN\" \"http:\/\/www.w3.org\/TR\/REC-html40\/loose.dtd\">\n<html><body><div id=\"m_8886272946615185790yui_3_16_0_1_1504274468852_2633\">La Coordinaci&oacute;n del&nbsp;Programa de Celiaqu&iacute;a&nbsp;de&nbsp;OSEP&nbsp;Central, a cargo de Stella Calder&oacute;n, visitar&aacute;&nbsp;San Rafael&nbsp;para realizar extracciones de sangre en la sede de la obra social, con el objetivo de detectar y controlar pacientes con esta patolog&iacute;a.<\/div>\n<div><\/div>\n<div>Las extracciones se realizar&aacute;n el lunes 4 de 10 a 12 y de 15 a 18 y el martes 5 de 8 a 12, en Entre R&iacute;os 345.Esta actividad&nbsp;es gratuita y est&aacute; destinada a&nbsp;afiliados de la obra social que tengan el diagn&oacute;stico y lleven m&aacute;s de un a&ntilde;o sin el control correspondiente, para familiares de pacientes cel&iacute;acos de primero y segundo grado y para personas con sospecha cl&iacute;nica de poseer esta patolog&iacute;a.Los pacientes deber&aacute;n concurrir al laboratorio con cuatro&nbsp;horas de ayuno, sin haber ingerido s&oacute;lidos ni l&aacute;cteos.\n<\/div>\n<\/body><\/html>\n","protected":false},"excerpt":{"rendered":"El lunes 4 y martes 5, se realizar\u00e1n extracciones de sangre en la sede de la obra social, con el objetivo de detectar y controlar pacientes con esta patolog\u00eda. Ser\u00e1 en la sede de Entre R\u00edos 345.","protected":false},"author":3,"featured_media":102078,"comment_status":"open","ping_status":"open","sticky":false,"template":"","format":"standard","meta":[],"categories":[30],"tags":[],"_links":{"self":[{"href":"https:\/\/www.mendoza.gov.ar\/prensa\/wp-json\/wp\/v2\/posts\/102076"}],"collection":[{"href":"https:\/\/www.mendoza.gov.ar\/prensa\/wp-json\/wp\/v2\/posts"}],"about":[{"href":"https:\/\/www.mendoza.gov.ar\/prensa\/wp-json\/wp\/v2\/types\/post"}],"author":[{"embeddable":true,"href":"https:\/\/www.mendoza.gov.ar\/prensa\/wp-json\/wp\/v2\/users\/3"}],"replies":[{"embeddable":true,"href":"https:\/\/www.mendoza.gov.ar\/prensa\/wp-json\/wp\/v2\/comments?post=102076"}],"version-history":[{"count":0,"href":"https:\/\/www.mendoza.gov.ar\/prensa\/wp-json\/wp\/v2\/posts\/102076\/revisions"}],"wp:featuredmedia":[{"embeddable":true,"href":"https:\/\/www.mendoza.gov.ar\/prensa\/wp-json\/wp\/v2\/media\/102078"}],"wp:attachment":[{"href":"https:\/\/www.mendoza.gov.ar\/prensa\/wp-json\/wp\/v2\/media?parent=102076"}],"wp:term":[{"taxonomy":"category","embeddable":true,"href":"https:\/\/www.mendoza.gov.ar\/prensa\/wp-json\/wp\/v2\/categories?post=102076"},{"taxonomy":"post_tag","embeddable":true,"href":"https:\/\/www.mendoza.gov.ar\/prensa\/wp-json\/wp\/v2\/tags?post=102076"}],"curies":[{"name":"wp","href":"https:\/\/api.w.org\/{rel}","templated":true}]}}