{"id":102081,"date":"2017-09-01T11:39:17","date_gmt":"2017-09-01T14:39:17","guid":{"rendered":"http:\/\/prensa.mendoza.gov.ar\/?p=102081"},"modified":"2017-09-01T11:39:17","modified_gmt":"2017-09-01T14:39:17","slug":"osep-cerca-estrena-nuevo-edificio-en-guaymallen","status":"publish","type":"post","link":"https:\/\/www.mendoza.gov.ar\/prensa\/osep-cerca-estrena-nuevo-edificio-en-guaymallen\/","title":{"rendered":"OSEP Cerca estrena nuevo edificio en Guaymall\u00e9n"},"content":{"rendered":"<!DOCTYPE html PUBLIC \"-\/\/W3C\/\/DTD HTML 4.0 Transitional\/\/EN\" \"http:\/\/www.w3.org\/TR\/REC-html40\/loose.dtd\">\n<html><body><div id=\"m_-863922028319585684yui_3_16_0_1_1504274468852_6244\">Hoy viernes, a las 18.30, quedar&aacute; inaugurada la nueva sede de OSEP Cerca en Guaymall&eacute;n.&nbsp;Est&aacute; ubicada en Av. Libertad 242 de Villa Nueva, entre Bandera de los Andes y Yatay.<\/div>\n<div><\/div>\n<div>El edificio cuenta con amplia recepci&oacute;n y sala de espera, tres&nbsp;consultorios, espacio para residuos patol&oacute;gicos, cocina y sal&oacute;n de usos m&uacute;ltiples para talleres y reuniones de equipos. Tambi&eacute;n posee patio y cochera para el desarrollo de actividad f&iacute;sica.<\/div>\n<div><\/div>\n<div id=\"m_-863922028319585684yui_3_16_0_1_1504274468852_6250\">El horario de atenci&oacute;n de la nueva sede ser&aacute; de 7.30 a 18.30 y ofrecer&aacute; con los siguientes servicios:<\/div>\n<ul>\n<li id=\"m_-863922028319585684yui_3_16_0_1_1504274468852_6251\">Atenci&oacute;n psicol&oacute;gica de ni&ntilde;os y adultos.<\/li>\n<li id=\"m_-863922028319585684yui_3_16_0_1_1504274468852_6252\">Atenci&oacute;n psiqui&aacute;trica.<\/li>\n<li id=\"m_-863922028319585684yui_3_16_0_1_1504274468852_6253\">Talleres de actividad f&iacute;sica.<\/li>\n<li id=\"m_-863922028319585684yui_3_16_0_1_1504274468852_6254\">Talleres de educaci&oacute;n terap&eacute;utica semanales: Viernes saludables viernes en familia.<\/li>\n<li id=\"m_-863922028319585684yui_3_16_0_1_1504274468852_6255\">Consultorio de cesaci&oacute;n tab&aacute;quica.<\/li>\n<li id=\"m_-863922028319585684yui_3_16_0_1_1504274468852_6256\">Consultorio de dermatolog&iacute;a.<\/li>\n<li id=\"m_-863922028319585684yui_3_16_0_1_1504274468852_6257\">Consultorio de nutrici&oacute;n.<\/li>\n<li id=\"m_-863922028319585684yui_3_16_0_1_1504274468852_6258\">Salud sexual y reproductiva.<\/li>\n<li id=\"m_-863922028319585684yui_3_16_0_1_1504274468852_6259\">Centro de empadronamiento Nacer en OSEP.<\/li>\n<li id=\"m_-863922028319585684yui_3_16_0_1_1504274468852_6260\">Admisi&oacute;n de atenci&oacute;n temprana.<\/li>\n<\/ul>\n<div id=\"m_-863922028319585684yui_3_16_0_1_1504274468852_6261\"><span id=\"m_-863922028319585684yui_3_16_0_1_1504274468852_6262\"> <\/span>En la actualidad, el equipo de salud ha crecido. La Unidad de atenci&oacute;n familiar OSEP Cerca cuenta con:<\/div>\n<div><\/div>\n<div id=\"m_-863922028319585684yui_3_16_0_1_1504274468852_6263\">1 pediatra<\/div>\n<div id=\"m_-863922028319585684yui_3_16_0_1_1504274468852_6264\">4 m&eacute;dicos de familia<\/div>\n<div id=\"m_-863922028319585684yui_3_16_0_1_1504274468852_6265\">1 ginec&oacute;loga<\/div>\n<div id=\"m_-863922028319585684yui_3_16_0_1_1504274468852_6266\">1 m&eacute;dica cl&iacute;nica<\/div>\n<div id=\"m_-863922028319585684yui_3_16_0_1_1504274468852_6267\">1 m&eacute;dica psiquiatra<\/div>\n<div id=\"m_-863922028319585684yui_3_16_0_1_1504274468852_6268\">1 lic. en psicolog&iacute;a infantil<\/div>\n<div id=\"m_-863922028319585684yui_3_16_0_1_1504274468852_6269\">1 lic. en psicolog&iacute;a de adultos<\/div>\n<div id=\"m_-863922028319585684yui_3_16_0_1_1504274468852_6270\">1 enfermera-administrativa<\/div>\n<div id=\"m_-863922028319585684yui_3_16_0_1_1504274468852_6271\">1 prof. de educaci&oacute;n f&iacute;sica<\/div>\n<div><\/div>\n<div id=\"m_-863922028319585684yui_3_16_0_1_1504274468852_6272\">La Unidad de Atenci&oacute;n familiar que funciona en la Municipalidad de Guaymall&eacute;n viene prestando servicios de salud a los afiliados de OSEP y comunidad del departamento desde &nbsp;julio de 2004, cuando fue inaugurado como uno de los primeros centros de atenci&oacute;n de OSEP Cerca. Se constituy&oacute; por acuerdo interinstitucional, OSEP-Municipio, con acuerdo de prestaciones y contraprestaciones mutuas.<\/div>\n<div><\/div>\n<div id=\"m_-863922028319585684yui_3_16_0_1_1504274468852_6273\" dir=\"ltr\">Durante 2015, la Unidad de Atenci&oacute;n Familiar registr&oacute; 9.053 consultas y en 2016 ascendi&oacute; a 9.955.<\/div>\n<\/body><\/html>\n","protected":false},"excerpt":{"rendered":"En Av. Libertad 242 de Villa Nueva, brindar\u00e1 atenci\u00f3n psicol\u00f3gica de ni\u00f1os y adultos y psiqui\u00e1trica, talleres de actividad f\u00edsica y educaci\u00f3n terap\u00e9utica, consultorios de cesaci\u00f3n tab\u00e1quica, dermatolog\u00eda y nutrici\u00f3n, entre otros.","protected":false},"author":3,"featured_media":102082,"comment_status":"open","ping_status":"open","sticky":false,"template":"","format":"standard","meta":[],"categories":[30],"tags":[],"_links":{"self":[{"href":"https:\/\/www.mendoza.gov.ar\/prensa\/wp-json\/wp\/v2\/posts\/102081"}],"collection":[{"href":"https:\/\/www.mendoza.gov.ar\/prensa\/wp-json\/wp\/v2\/posts"}],"about":[{"href":"https:\/\/www.mendoza.gov.ar\/prensa\/wp-json\/wp\/v2\/types\/post"}],"author":[{"embeddable":true,"href":"https:\/\/www.mendoza.gov.ar\/prensa\/wp-json\/wp\/v2\/users\/3"}],"replies":[{"embeddable":true,"href":"https:\/\/www.mendoza.gov.ar\/prensa\/wp-json\/wp\/v2\/comments?post=102081"}],"version-history":[{"count":0,"href":"https:\/\/www.mendoza.gov.ar\/prensa\/wp-json\/wp\/v2\/posts\/102081\/revisions"}],"wp:featuredmedia":[{"embeddable":true,"href":"https:\/\/www.mendoza.gov.ar\/prensa\/wp-json\/wp\/v2\/media\/102082"}],"wp:attachment":[{"href":"https:\/\/www.mendoza.gov.ar\/prensa\/wp-json\/wp\/v2\/media?parent=102081"}],"wp:term":[{"taxonomy":"category","embeddable":true,"href":"https:\/\/www.mendoza.gov.ar\/prensa\/wp-json\/wp\/v2\/categories?post=102081"},{"taxonomy":"post_tag","embeddable":true,"href":"https:\/\/www.mendoza.gov.ar\/prensa\/wp-json\/wp\/v2\/tags?post=102081"}],"curies":[{"name":"wp","href":"https:\/\/api.w.org\/{rel}","templated":true}]}}