{"id":102164,"date":"2017-09-01T19:18:15","date_gmt":"2017-09-01T22:18:15","guid":{"rendered":"http:\/\/prensa.mendoza.gov.ar\/?p=102164"},"modified":"2017-09-01T19:18:15","modified_gmt":"2017-09-01T22:18:15","slug":"nuevo-convenio-entre-osep-y-la-sociedad-de-cardiologia-de-mendoza","status":"publish","type":"post","link":"https:\/\/www.mendoza.gov.ar\/prensa\/nuevo-convenio-entre-osep-y-la-sociedad-de-cardiologia-de-mendoza\/","title":{"rendered":"Nuevo convenio entre OSEP y la Sociedad de Cardiolog\u00eda de Mendoza"},"content":{"rendered":"<!DOCTYPE html PUBLIC \"-\/\/W3C\/\/DTD HTML 4.0 Transitional\/\/EN\" \"http:\/\/www.w3.org\/TR\/REC-html40\/loose.dtd\">\n<html><body><p>El director general de OSEP, Sergio Vergara, y el vicepresidente de la Sociedad de Cardiolog&iacute;a de Mendoza, Ariel Baigorria, firmaron un convenio de cooperaci&oacute;n para brindar asistencia t&eacute;cnica y capacitaci&oacute;n entre ambas instituciones.<\/p>\n<p>Por este acuerdo, la Sociedad de Cardiolog&iacute;a formar&aacute; y acreditar&aacute; a los enfermeros de la obra social que acceder&aacute;n a la certificaci&oacute;n para dar cursos de reanimaci&oacute;n cardiopulmonar (RCP). Tambi&eacute;n se capacitar&aacute; a los m&eacute;dicos de las ambulancias del Servicio de Emergencia en t&eacute;cnicas de primeros auxilios para dolor tor&aacute;cico.<\/p>\n<p>Todas estas acciones posibilitan a OSEP ofrecer calidad en la atenci&oacute;n a sus afiliados.<\/p>\n<\/body><\/html>\n","protected":false},"excerpt":{"rendered":"El objetivo es capacitar m\u00e9dicos y enfermeros de la obra social sobre reanimaci\u00f3n cardiopulmonar (RCP) y t\u00e9cnicas de primeros auxilios para dolor tor\u00e1cico.","protected":false},"author":3,"featured_media":102167,"comment_status":"open","ping_status":"open","sticky":false,"template":"","format":"standard","meta":[],"categories":[30],"tags":[],"_links":{"self":[{"href":"https:\/\/www.mendoza.gov.ar\/prensa\/wp-json\/wp\/v2\/posts\/102164"}],"collection":[{"href":"https:\/\/www.mendoza.gov.ar\/prensa\/wp-json\/wp\/v2\/posts"}],"about":[{"href":"https:\/\/www.mendoza.gov.ar\/prensa\/wp-json\/wp\/v2\/types\/post"}],"author":[{"embeddable":true,"href":"https:\/\/www.mendoza.gov.ar\/prensa\/wp-json\/wp\/v2\/users\/3"}],"replies":[{"embeddable":true,"href":"https:\/\/www.mendoza.gov.ar\/prensa\/wp-json\/wp\/v2\/comments?post=102164"}],"version-history":[{"count":0,"href":"https:\/\/www.mendoza.gov.ar\/prensa\/wp-json\/wp\/v2\/posts\/102164\/revisions"}],"wp:featuredmedia":[{"embeddable":true,"href":"https:\/\/www.mendoza.gov.ar\/prensa\/wp-json\/wp\/v2\/media\/102167"}],"wp:attachment":[{"href":"https:\/\/www.mendoza.gov.ar\/prensa\/wp-json\/wp\/v2\/media?parent=102164"}],"wp:term":[{"taxonomy":"category","embeddable":true,"href":"https:\/\/www.mendoza.gov.ar\/prensa\/wp-json\/wp\/v2\/categories?post=102164"},{"taxonomy":"post_tag","embeddable":true,"href":"https:\/\/www.mendoza.gov.ar\/prensa\/wp-json\/wp\/v2\/tags?post=102164"}],"curies":[{"name":"wp","href":"https:\/\/api.w.org\/{rel}","templated":true}]}}