{"id":102395,"date":"2017-09-04T13:44:24","date_gmt":"2017-09-04T16:44:24","guid":{"rendered":"http:\/\/prensa.mendoza.gov.ar\/?p=102395"},"modified":"2017-09-04T13:44:24","modified_gmt":"2017-09-04T16:44:24","slug":"desvios-de-transporte-en-guaymallen","status":"publish","type":"post","link":"https:\/\/www.mendoza.gov.ar\/prensa\/desvios-de-transporte-en-guaymallen\/","title":{"rendered":"Desv\u00edos de transporte en Guaymall\u00e9n"},"content":{"rendered":"<!DOCTYPE html PUBLIC \"-\/\/W3C\/\/DTD HTML 4.0 Transitional\/\/EN\" \"http:\/\/www.w3.org\/TR\/REC-html40\/loose.dtd\">\n<html><body><p>La Municipalidad de Guaymall&eacute;n contin&uacute;a con los trabajos de repavimentaci&oacute;n en diversas calles y avenidas del departamento. Por ello, durante 60 d&iacute;as se modificar&aacute;n algunos recorridos. En esta oportunidad los trabajos ser&aacute;n en las intersecciones de Col&oacute;n y Gomensoro, Col&oacute;n e Irigoyen, V&iacute;ctor Hugo e Irigoyen y calle Gomensoro entre Allayme y Rafael Obligado.<\/p>\n<p>Como consecuencia de las obras en las intersecciones mencionadas, se desv&iacute;an los siguientes servicios del&nbsp;Grupo 5:<\/p>\n<ul>\n<li><strong>L&iacute;nea 53<\/strong> en su traza de zona a centro tomar&aacute; por Gomensoro, Pedro B.&nbsp;Palacios, Malvinas Argentinas, y retoma su recorrido.<\/li>\n<li><strong>L&iacute;neas 71 y 72&nbsp;<\/strong>de zona a centro desviar&aacute; por Gomensoro, Pedro B. Palacios, Malvinas Argentinas, V&iacute;ctor Hugo, Gomensoro, Allayme, Correa Sa&aacute;, Rafael Obligado, Malvinas Argentinas, Allayme, Gomensoro, V&iacute;ctor Hugo, Belgrano, Col&oacute;n y vuelve a su recorrido normal.<\/li>\n<\/ul>\n<p>En el recorrido de vuelta de Centro a Zona, los tres servicios tomar&aacute;n por Col&oacute;n, Belgrano, V&iacute;ctor Hugo, Gomensoro, Allayme, Malvinas Argentina, Rafael Obligado, Correa Sa&aacute;, &nbsp;Allayme, Gomensoro, V&iacute;ctor Hugo, Malvinas Argentinas,&nbsp;Pedro B. Palacios, Gomensoro y retoma la traza habitual.<\/p>\n<\/body><\/html>\n","protected":false},"excerpt":{"rendered":"Por trabajos de repavimentaci\u00f3n en diversas intersecciones del departamento, habr\u00e1 cambios en los recorridos por 60 d\u00edas.","protected":false},"author":3,"featured_media":45532,"comment_status":"open","ping_status":"open","sticky":false,"template":"","format":"standard","meta":[],"categories":[34],"tags":[],"_links":{"self":[{"href":"https:\/\/www.mendoza.gov.ar\/prensa\/wp-json\/wp\/v2\/posts\/102395"}],"collection":[{"href":"https:\/\/www.mendoza.gov.ar\/prensa\/wp-json\/wp\/v2\/posts"}],"about":[{"href":"https:\/\/www.mendoza.gov.ar\/prensa\/wp-json\/wp\/v2\/types\/post"}],"author":[{"embeddable":true,"href":"https:\/\/www.mendoza.gov.ar\/prensa\/wp-json\/wp\/v2\/users\/3"}],"replies":[{"embeddable":true,"href":"https:\/\/www.mendoza.gov.ar\/prensa\/wp-json\/wp\/v2\/comments?post=102395"}],"version-history":[{"count":0,"href":"https:\/\/www.mendoza.gov.ar\/prensa\/wp-json\/wp\/v2\/posts\/102395\/revisions"}],"wp:featuredmedia":[{"embeddable":true,"href":"https:\/\/www.mendoza.gov.ar\/prensa\/wp-json\/wp\/v2\/media\/45532"}],"wp:attachment":[{"href":"https:\/\/www.mendoza.gov.ar\/prensa\/wp-json\/wp\/v2\/media?parent=102395"}],"wp:term":[{"taxonomy":"category","embeddable":true,"href":"https:\/\/www.mendoza.gov.ar\/prensa\/wp-json\/wp\/v2\/categories?post=102395"},{"taxonomy":"post_tag","embeddable":true,"href":"https:\/\/www.mendoza.gov.ar\/prensa\/wp-json\/wp\/v2\/tags?post=102395"}],"curies":[{"name":"wp","href":"https:\/\/api.w.org\/{rel}","templated":true}]}}