{"id":102591,"date":"2017-09-05T15:09:56","date_gmt":"2017-09-05T18:09:56","guid":{"rendered":"http:\/\/prensa.mendoza.gov.ar\/?p=102591"},"modified":"2017-09-05T15:09:56","modified_gmt":"2017-09-05T18:09:56","slug":"la-unidad-ejecutiva-de-seguridad-vial-realizara-charlas-de-concientizacion","status":"publish","type":"post","link":"https:\/\/www.mendoza.gov.ar\/prensa\/la-unidad-ejecutiva-de-seguridad-vial-realizara-charlas-de-concientizacion\/","title":{"rendered":"La Unidad Ejecutiva de Seguridad Vial realizar\u00e1 charlas de concientizaci\u00f3n"},"content":{"rendered":"<!DOCTYPE html PUBLIC \"-\/\/W3C\/\/DTD HTML 4.0 Transitional\/\/EN\" \"http:\/\/www.w3.org\/TR\/REC-html40\/loose.dtd\">\n<html><body><p>La Unidad Ejecutiva de Seguridad Vial, junto a la Agencia Nacional de Seguridad Vial, comenzar&aacute;n ma&ntilde;ana con un ciclo de charlas sobre Seguridad Vial en los establecimientos educativos de nivel secundario de la provincia.<\/p>\n<p>La apertura ser&aacute; en el teatro Imperial de Maip&uacute;. Desde las 9, los integrantes del Centro de Formaci&oacute;n de Pol&iacute;ticas y Gesti&oacute;n de Seguridad Vial estar&aacute;n disertando acerca de conceptos que son importantes para una conducci&oacute;n segura, y la diferencia entre accidentes y siniestros viales.<\/p>\n<p>Con una duraci&oacute;n de 1 hora y 15 minutos, el objetivo de estos encuentros es promover la reflexi&oacute;n sobre el cuidado y respeto por el otro y apunta a la concientizaci&oacute;n acerca del estado de situaci&oacute;n de esta tem&aacute;tica en la Argentina.<\/p>\n<\/body><\/html>\n","protected":false},"excerpt":{"rendered":"Se llevar\u00e1n a cabo en todos los establecimientos del pa\u00eds. En Mendoza comenzar\u00e1 en Maip\u00fa, en el Teatro Imperial, donde concurrir\u00e1n las escuelas de la zona.","protected":false},"author":3,"featured_media":102592,"comment_status":"open","ping_status":"open","sticky":false,"template":"","format":"standard","meta":[],"categories":[34],"tags":[],"_links":{"self":[{"href":"https:\/\/www.mendoza.gov.ar\/prensa\/wp-json\/wp\/v2\/posts\/102591"}],"collection":[{"href":"https:\/\/www.mendoza.gov.ar\/prensa\/wp-json\/wp\/v2\/posts"}],"about":[{"href":"https:\/\/www.mendoza.gov.ar\/prensa\/wp-json\/wp\/v2\/types\/post"}],"author":[{"embeddable":true,"href":"https:\/\/www.mendoza.gov.ar\/prensa\/wp-json\/wp\/v2\/users\/3"}],"replies":[{"embeddable":true,"href":"https:\/\/www.mendoza.gov.ar\/prensa\/wp-json\/wp\/v2\/comments?post=102591"}],"version-history":[{"count":0,"href":"https:\/\/www.mendoza.gov.ar\/prensa\/wp-json\/wp\/v2\/posts\/102591\/revisions"}],"wp:featuredmedia":[{"embeddable":true,"href":"https:\/\/www.mendoza.gov.ar\/prensa\/wp-json\/wp\/v2\/media\/102592"}],"wp:attachment":[{"href":"https:\/\/www.mendoza.gov.ar\/prensa\/wp-json\/wp\/v2\/media?parent=102591"}],"wp:term":[{"taxonomy":"category","embeddable":true,"href":"https:\/\/www.mendoza.gov.ar\/prensa\/wp-json\/wp\/v2\/categories?post=102591"},{"taxonomy":"post_tag","embeddable":true,"href":"https:\/\/www.mendoza.gov.ar\/prensa\/wp-json\/wp\/v2\/tags?post=102591"}],"curies":[{"name":"wp","href":"https:\/\/api.w.org\/{rel}","templated":true}]}}