{"id":102609,"date":"2017-09-05T17:20:24","date_gmt":"2017-09-05T20:20:24","guid":{"rendered":"http:\/\/prensa.mendoza.gov.ar\/?p=102609"},"modified":"2017-09-05T17:20:24","modified_gmt":"2017-09-05T20:20:24","slug":"osep-en-plazas-diversas","status":"publish","type":"post","link":"https:\/\/www.mendoza.gov.ar\/prensa\/osep-en-plazas-diversas\/","title":{"rendered":"OSEP, en Plazas Diversas"},"content":{"rendered":"<!DOCTYPE html PUBLIC \"-\/\/W3C\/\/DTD HTML 4.0 Transitional\/\/EN\" \"http:\/\/www.w3.org\/TR\/REC-html40\/loose.dtd\">\n<html><body><p>La Sede Tupungato de OSEP particip&oacute; en la jornada Plazas Diversas, organizada por la Legislatura y la Municipalidad de Tupungato. Estuvieron presentes en la actividad la vicegobernadora de la provincia, Laura Montero, y el intendente tupungatino, Gustavo Soto.<\/p>\n<p>La iniciativa intenta generar conciencia sobre g&eacute;nero y juventud en torno a la campa&ntilde;a #VosDecid&iacute;s. Es decir, se propone la perspectiva de g&eacute;nero y el respeto hacia la diversidad sexual, promocionar h&aacute;bitos saludables en los j&oacute;venes y fomentar y elevar los principios de equidad, libertad e inclusi&oacute;n.<\/p>\n<p>La obra social reparti&oacute; entre los asistentes material sobre promoci&oacute;n de la salud y prevenci&oacute;n de la enfermedad teniendo como eje conservar o elevar la calidad de vida de los ciudadanos. Adem&aacute;s, hubo asesoramiento sobre m&eacute;todos anticonceptivos, a cargo de la licenciada Mariela Battistoni, profesional de la Sede Tupungato.<\/p>\n<\/body><\/html>\n","protected":false},"excerpt":{"rendered":"La iniciativa intenta generar conciencia sobre g\u00e9nero, diversidad sexual y juventud, en el marco de la campa\u00f1a #VosDecid\u00eds.","protected":false},"author":3,"featured_media":102610,"comment_status":"open","ping_status":"open","sticky":false,"template":"","format":"standard","meta":[],"categories":[30],"tags":[],"_links":{"self":[{"href":"https:\/\/www.mendoza.gov.ar\/prensa\/wp-json\/wp\/v2\/posts\/102609"}],"collection":[{"href":"https:\/\/www.mendoza.gov.ar\/prensa\/wp-json\/wp\/v2\/posts"}],"about":[{"href":"https:\/\/www.mendoza.gov.ar\/prensa\/wp-json\/wp\/v2\/types\/post"}],"author":[{"embeddable":true,"href":"https:\/\/www.mendoza.gov.ar\/prensa\/wp-json\/wp\/v2\/users\/3"}],"replies":[{"embeddable":true,"href":"https:\/\/www.mendoza.gov.ar\/prensa\/wp-json\/wp\/v2\/comments?post=102609"}],"version-history":[{"count":0,"href":"https:\/\/www.mendoza.gov.ar\/prensa\/wp-json\/wp\/v2\/posts\/102609\/revisions"}],"wp:featuredmedia":[{"embeddable":true,"href":"https:\/\/www.mendoza.gov.ar\/prensa\/wp-json\/wp\/v2\/media\/102610"}],"wp:attachment":[{"href":"https:\/\/www.mendoza.gov.ar\/prensa\/wp-json\/wp\/v2\/media?parent=102609"}],"wp:term":[{"taxonomy":"category","embeddable":true,"href":"https:\/\/www.mendoza.gov.ar\/prensa\/wp-json\/wp\/v2\/categories?post=102609"},{"taxonomy":"post_tag","embeddable":true,"href":"https:\/\/www.mendoza.gov.ar\/prensa\/wp-json\/wp\/v2\/tags?post=102609"}],"curies":[{"name":"wp","href":"https:\/\/api.w.org\/{rel}","templated":true}]}}