{"id":102652,"date":"2017-09-05T19:27:13","date_gmt":"2017-09-05T22:27:13","guid":{"rendered":"http:\/\/prensa.mendoza.gov.ar\/?p=102652"},"modified":"2017-09-05T19:27:13","modified_gmt":"2017-09-05T22:27:13","slug":"buscan-mejorar-la-competitividad-del-sector-vitivinicola","status":"publish","type":"post","link":"https:\/\/www.mendoza.gov.ar\/prensa\/buscan-mejorar-la-competitividad-del-sector-vitivinicola\/","title":{"rendered":"Buscan mejorar la competitividad del sector vitivin\u00edcola"},"content":{"rendered":"<!DOCTYPE html PUBLIC \"-\/\/W3C\/\/DTD HTML 4.0 Transitional\/\/EN\" \"http:\/\/www.w3.org\/TR\/REC-html40\/loose.dtd\">\n<html><body><p>El reintegro a las exportaciones, el convenio de corresponsabilidad gremial vitivin&iacute;cola y los costos log&iacute;sticos en exportaciones son los tres temas principales que el ministro de Econom&iacute;a, Mart&iacute;n Kerchner junto al subsecretario de Agricultura, Alejandro Zlotolow, el jefe de Gabinete, Alfredo Aciar, y miembros de Coviar llevaron a la reuni&oacute;n con el ministro de Hacienda de la Naci&oacute;n, Nicol&aacute;s Dujovne, para su tratamiento.<\/p>\n<p>Luego de presentar una radiograf&iacute;a del sector en cuanto a empleo, generaci&oacute;n de riqueza, exportaciones y cadena de valor, se mostraron los costos, la reinversi&oacute;n que realiza el sector y los montos de exenci&oacute;n impositiva que se dan despu&eacute;s de reinvertir, que generan una curva positiva en los valores.<\/p>\n<p>El objetivo del encuentro fue plantear m&eacute;todos de mejoras en las condiciones de competitividad que tiene la cadena vitivin&iacute;cola y que se han ido perdiendo a trav&eacute;s de los a&ntilde;os, seg&uacute;n se&ntilde;alaron los expositores de Coviar.<\/p>\n<p>Si bien ya existen proyectos que mejorar&aacute;n estructuralmente la situaci&oacute;n, como es el caso de la recuperaci&oacute;n del ferrocarril San Mart&iacute;n cuya obra tiene 36 meses de plazo luego de la adjudicaci&oacute;n, el ministro Dujovne se comprometi&oacute; a &ldquo;analizar un poco m&aacute;s los temas y seguir las conversaciones para avanzar en otros t&eacute;rminos que permitan recuperar la competitividad&nbsp; que reclama el sector&rdquo;.<\/p>\n<p>Otro de los temas que se plante&oacute;en la reuni&oacute;n fue una modificaci&oacute;n de la tarifa sustitutiva del Convenio de Corresponsabilidad Gremial Vitivin&iacute;cola que representa un movimiento cercano a los $71 millones anuales, al que deben de hacer frente los productores vit&iacute;colas.<\/p>\n<\/body><\/html>\n","protected":false},"excerpt":{"rendered":"El ministro de Hacienda, Nicol\u00e1s Dujovne, recibi\u00f3 al equipo del Ministerio de Econom\u00eda de la provincia y a miembros de la Coviar para avanzar en cuestiones inherentes al sector.","protected":false},"author":3,"featured_media":102653,"comment_status":"open","ping_status":"open","sticky":false,"template":"","format":"standard","meta":[],"categories":[1],"tags":[],"_links":{"self":[{"href":"https:\/\/www.mendoza.gov.ar\/prensa\/wp-json\/wp\/v2\/posts\/102652"}],"collection":[{"href":"https:\/\/www.mendoza.gov.ar\/prensa\/wp-json\/wp\/v2\/posts"}],"about":[{"href":"https:\/\/www.mendoza.gov.ar\/prensa\/wp-json\/wp\/v2\/types\/post"}],"author":[{"embeddable":true,"href":"https:\/\/www.mendoza.gov.ar\/prensa\/wp-json\/wp\/v2\/users\/3"}],"replies":[{"embeddable":true,"href":"https:\/\/www.mendoza.gov.ar\/prensa\/wp-json\/wp\/v2\/comments?post=102652"}],"version-history":[{"count":0,"href":"https:\/\/www.mendoza.gov.ar\/prensa\/wp-json\/wp\/v2\/posts\/102652\/revisions"}],"wp:featuredmedia":[{"embeddable":true,"href":"https:\/\/www.mendoza.gov.ar\/prensa\/wp-json\/wp\/v2\/media\/102653"}],"wp:attachment":[{"href":"https:\/\/www.mendoza.gov.ar\/prensa\/wp-json\/wp\/v2\/media?parent=102652"}],"wp:term":[{"taxonomy":"category","embeddable":true,"href":"https:\/\/www.mendoza.gov.ar\/prensa\/wp-json\/wp\/v2\/categories?post=102652"},{"taxonomy":"post_tag","embeddable":true,"href":"https:\/\/www.mendoza.gov.ar\/prensa\/wp-json\/wp\/v2\/tags?post=102652"}],"curies":[{"name":"wp","href":"https:\/\/api.w.org\/{rel}","templated":true}]}}