{"id":102668,"date":"2017-09-06T08:36:00","date_gmt":"2017-09-06T11:36:00","guid":{"rendered":"http:\/\/prensa.mendoza.gov.ar\/?p=102668"},"modified":"2017-09-06T08:36:00","modified_gmt":"2017-09-06T11:36:00","slug":"la-direccion-de-recursos-naturales-y-policia-rural-rescataron-mas-de-100-aves","status":"publish","type":"post","link":"https:\/\/www.mendoza.gov.ar\/prensa\/la-direccion-de-recursos-naturales-y-policia-rural-rescataron-mas-de-100-aves\/","title":{"rendered":"La Direcci\u00f3n de Recursos Naturales y la Polic\u00eda Rural rescataron m\u00e1s de 100 aves"},"content":{"rendered":"<!DOCTYPE html PUBLIC \"-\/\/W3C\/\/DTD HTML 4.0 Transitional\/\/EN\" \"http:\/\/www.w3.org\/TR\/REC-html40\/loose.dtd\">\n<html><body><p>La Secretar&iacute;a de Ambiente y Ordenamiento Territorial, a trav&eacute;s de la Direcci&oacute;n de Recursos Naturales Renovables, recuper&oacute; m&aacute;s de 100 aves v&iacute;ctimas de la captura y venta ilegal.<\/p>\n<p>El operativo se realiz&oacute; en conjunto con Polic&iacute;a Rural luego de solicitar una orden de allanamiento tras investigaci&oacute;n previa del Departamento de Fauna. Un hombre fue detenido y dejado a disposici&oacute;n de la Oficina Fiscal N&deg;11 de Luj&aacute;n de Cuyo. Se secuestraron treinta jaulas y m&aacute;s de cuarenta tramperos.<\/p>\n<p>Entre las especies rescatadas se encontraron, siete cuchillos, naranjeros, zorzales gato, negros, colorado y patag&oacute;nicos, cardenal rojo, reina mora, diuca, corbatita&nbsp;y rey del bosque. Algunas de las especies pertenecen a la fauna local y otras son v&iacute;ctimas del tr&aacute;fico interprovincial.<\/p>\n<p>Todas las aves relevadas por el Departamento de Fauna se encontraron en mal estado sanitario y fueron trasladadas a la Reserva Ecol&oacute;gica YPF para su rehabilitaci&oacute;n.<\/p>\n<p><strong>Protecci&oacute;n de la fauna silvestre<\/strong><\/p>\n<p>La fauna silvestre de la provincia de Mendoza est&aacute; protegida y por lo tanto su tenencia es ilegal, seg&uacute;n la Ley Nacional de Fauna 22421, la Ley Provincial de adhesi&oacute;n 4602, su modificatoria 7308 y el Decreto Reglamentario 1890\/05.<\/p>\n<p>Quienes deseen brindar informaci&oacute;n sobre ejemplares de fauna silvestre heridos o denunciar casos de caza o tenencia ilegal pueden hacerlo a trav&eacute;s del portal de denuncia en el sitio de internet de ambiente: www.mendoza.gov.ar\/ambiente.<\/p>\n<p>Tambi&eacute;n, comunicarse telef&oacute;nicamente a la Direcci&oacute;n de Recursos Naturales Renovables a los tel&eacute;fonos 4252090 y 4257065, de 8 a 13, de lunes a viernes o al 911 (Polic&iacute;a de Seguridad Rural de Mendoza).<\/p>\n<\/body><\/html>\n","protected":false},"excerpt":{"rendered":"Este n\u00famero surge de lo encontrado en un solo domicilio, de donde tambi\u00e9n se secuestraron jaulas y tramperos.","protected":false},"author":3,"featured_media":102669,"comment_status":"open","ping_status":"open","sticky":false,"template":"","format":"standard","meta":[],"categories":[3],"tags":[],"_links":{"self":[{"href":"https:\/\/www.mendoza.gov.ar\/prensa\/wp-json\/wp\/v2\/posts\/102668"}],"collection":[{"href":"https:\/\/www.mendoza.gov.ar\/prensa\/wp-json\/wp\/v2\/posts"}],"about":[{"href":"https:\/\/www.mendoza.gov.ar\/prensa\/wp-json\/wp\/v2\/types\/post"}],"author":[{"embeddable":true,"href":"https:\/\/www.mendoza.gov.ar\/prensa\/wp-json\/wp\/v2\/users\/3"}],"replies":[{"embeddable":true,"href":"https:\/\/www.mendoza.gov.ar\/prensa\/wp-json\/wp\/v2\/comments?post=102668"}],"version-history":[{"count":0,"href":"https:\/\/www.mendoza.gov.ar\/prensa\/wp-json\/wp\/v2\/posts\/102668\/revisions"}],"wp:featuredmedia":[{"embeddable":true,"href":"https:\/\/www.mendoza.gov.ar\/prensa\/wp-json\/wp\/v2\/media\/102669"}],"wp:attachment":[{"href":"https:\/\/www.mendoza.gov.ar\/prensa\/wp-json\/wp\/v2\/media?parent=102668"}],"wp:term":[{"taxonomy":"category","embeddable":true,"href":"https:\/\/www.mendoza.gov.ar\/prensa\/wp-json\/wp\/v2\/categories?post=102668"},{"taxonomy":"post_tag","embeddable":true,"href":"https:\/\/www.mendoza.gov.ar\/prensa\/wp-json\/wp\/v2\/tags?post=102668"}],"curies":[{"name":"wp","href":"https:\/\/api.w.org\/{rel}","templated":true}]}}