{"id":10277,"date":"2012-01-21T00:00:00","date_gmt":"2012-01-21T00:00:00","guid":{"rendered":"http:\/\/prensa.wp2.mendoza.gov.ar\/?p=10277"},"modified":"2012-01-21T00:00:00","modified_gmt":"2012-01-21T00:00:00","slug":"el-malvinas-vivio-el-clasico-cuyano-con-la-presencia-de-francisco-perez","status":"publish","type":"post","link":"https:\/\/www.mendoza.gov.ar\/prensa\/el-malvinas-vivio-el-clasico-cuyano-con-la-presencia-de-francisco-perez\/","title":{"rendered":"El Malvinas vivi\u00f3 el cl\u00e1sico cuyano con la presencia de Francisco P\u00e9rez"},"content":{"rendered":"<!DOCTYPE html PUBLIC \"-\/\/W3C\/\/DTD HTML 4.0 Transitional\/\/EN\" \"http:\/\/www.w3.org\/TR\/REC-html40\/loose.dtd\">\n<html><body><p>La &rdquo;Copa Ciudad de Mendoza YPF Elaion 2012&rdquo; dio su puntapi&eacute; inicial con el encuentro que disputaron Godoy Cruz y el San Mart&iacute;n de San Juan. El partido qued&oacute; en manos del equipo de Nery Pumpido por 1 a 0, resultado que marc&oacute; el debut del DT.<\/p>\n\n<p>En un encuentro que no brill&oacute; por su juego, el sector de plateas y populares combin&oacute; el aliento y la emoci&oacute;n, con la actividad social. El gobernador Francisco P&eacute;rez, junto a su secretario de Deportes, Marcelo Locamuz, auspici&oacute; de anfitri&oacute;n y brind&oacute; una atenci&oacute;n especial a los periodistas presentes, como hace mucho tiempo no se hac&iacute;a.<\/p>\n\n<p>Nuestro estadio Malvinas Argentinas volvi&oacute; a brillar. Mendoza fue vista por el mundo mediante la transmisi&oacute;n televisiva en directo, que realiz&oacute; la cadena internacional Fox Sports. Varios periodistas resaltaron este aspecto a trav&eacute;s de los diferentes medios que transmitieron el encuentro en vivo para diferentes partes de la provincia, el pa&iacute;s y el mundo.<\/p>\n\n<p>La nota negra, que quebrant&oacute; la armon&iacute;a, fue sin dudas, el destrozo que caus&oacute; la parcialidad visitante en los ba&ntilde;os de la Popular Norte. Consultado por los da&ntilde;os provocados, el titular de Deportes se mostr&oacute; dolido: &ldquo;rompen algo que es de la gente y que ha costado mucho esfuerzo&rdquo;. &ldquo;Vamos a analizar y corroborar bien los destrozos y despu&eacute;s nos reuniremos con la gente encargada de la organizaci&oacute;n&rdquo;.<\/p>\n\n<p>Al margen de esto, Locamuz expres&oacute; que &ldquo;fue un espect&aacute;culo a la altura de las circunstancias&rdquo; y dijo sentirse &ldquo;feliz y entusiasmado ya que cuento con un gran equipo de trabajo que se brinda por completo&rdquo;.<\/p>\n<p><\/p>\n<\/body><\/html>\n","protected":false},"excerpt":{"rendered":"La &rdquo;Copa Ciudad de Mendoza YPF Elaion 2012&rdquo; dio su puntapi&eacute; inicial con el encuentro que disputaron Godoy Cruz y el San Mart&iacute;n de San Juan. El partido qued&oacute; en manos del equipo de Nery Pumpido por 1 a 0, resultado que marc&oacute; el debut del DT. En un encuentro que no brill&oacute; por su&#8230; <a class=\"view-article\" href=\"https:\/\/www.mendoza.gov.ar\/prensa\/el-malvinas-vivio-el-clasico-cuyano-con-la-presencia-de-francisco-perez\/\"><\/a>","protected":false},"author":3,"featured_media":0,"comment_status":"closed","ping_status":"open","sticky":false,"template":"","format":"standard","meta":[],"categories":[10],"tags":[],"_links":{"self":[{"href":"https:\/\/www.mendoza.gov.ar\/prensa\/wp-json\/wp\/v2\/posts\/10277"}],"collection":[{"href":"https:\/\/www.mendoza.gov.ar\/prensa\/wp-json\/wp\/v2\/posts"}],"about":[{"href":"https:\/\/www.mendoza.gov.ar\/prensa\/wp-json\/wp\/v2\/types\/post"}],"author":[{"embeddable":true,"href":"https:\/\/www.mendoza.gov.ar\/prensa\/wp-json\/wp\/v2\/users\/3"}],"replies":[{"embeddable":true,"href":"https:\/\/www.mendoza.gov.ar\/prensa\/wp-json\/wp\/v2\/comments?post=10277"}],"version-history":[{"count":0,"href":"https:\/\/www.mendoza.gov.ar\/prensa\/wp-json\/wp\/v2\/posts\/10277\/revisions"}],"wp:attachment":[{"href":"https:\/\/www.mendoza.gov.ar\/prensa\/wp-json\/wp\/v2\/media?parent=10277"}],"wp:term":[{"taxonomy":"category","embeddable":true,"href":"https:\/\/www.mendoza.gov.ar\/prensa\/wp-json\/wp\/v2\/categories?post=10277"},{"taxonomy":"post_tag","embeddable":true,"href":"https:\/\/www.mendoza.gov.ar\/prensa\/wp-json\/wp\/v2\/tags?post=10277"}],"curies":[{"name":"wp","href":"https:\/\/api.w.org\/{rel}","templated":true}]}}