{"id":102778,"date":"2017-09-06T16:38:39","date_gmt":"2017-09-06T19:38:39","guid":{"rendered":"http:\/\/prensa.mendoza.gov.ar\/?p=102778"},"modified":"2017-09-06T16:38:39","modified_gmt":"2017-09-06T19:38:39","slug":"cesacion-tabaquica-en-la-direccion-de-adultos-mayores","status":"publish","type":"post","link":"https:\/\/www.mendoza.gov.ar\/prensa\/cesacion-tabaquica-en-la-direccion-de-adultos-mayores\/","title":{"rendered":"Cesaci\u00f3n tab\u00e1quica en la Direcci\u00f3n de Adultos Mayores"},"content":{"rendered":"<!DOCTYPE html PUBLIC \"-\/\/W3C\/\/DTD HTML 4.0 Transitional\/\/EN\" \"http:\/\/www.w3.org\/TR\/REC-html40\/loose.dtd\">\n<html><body><p>Un equipo de profesionales de OSEP brind&oacute; una charla para 40 trabajadores del espacio dependiente de la Subsecretar&iacute;a de Desarrollo Social de la Provincia. La encargada de la exposici&oacute;n fue la doctora Mar&iacute;a Eugenia L&eacute;rtula, coordinadora de la Unidad de Prevenci&oacute;n y Cesaci&oacute;n Tab&aacute;quica de la obra social, quien explic&oacute; los riesgos y consecuencias que acompa&ntilde;an la adicci&oacute;n al tabaco, como tambi&eacute;n la importancia de mantener tanto el espacio de trabajo como el hogar libres de humo.<\/p>\n<p>Luego, la enfermera Ana Cort&eacute;s realiz&oacute; una toma de cooximetr&iacute;a a los presentes. Se trata de un peque&ntilde;o estudio que mide el nivel de mon&oacute;xido de carbono en el aire exhalado y determina cu&aacute;nto impacta el cigarrillo en la oxigenaci&oacute;n de la sangre.<\/p>\n<p>Esta actividad es parte del taller de inicio y se realiza todas las semanas en los distintos espacios de trabajo tanto de OSEP como de otras instituciones, p&uacute;blicas o privadas, y est&aacute; dirigida a su personal, principalmente fumadores.<\/p>\n<p>El programa incluye&nbsp;un taller de inicio, consultas de seguimiento y un taller motivacional que le brindan al paciente un seguimiento integral para ayudarlo y acompa&ntilde;arlo en su decisi&oacute;n de dejar de fumar.<\/p>\n<p>Por &uacute;ltimo, aquellos equipos de trabajo que deseen recibir esta charla o asesoramiento pueden comunicarse telef&oacute;nica o personalmente.<\/p>\n<p>M&aacute;s informaci&oacute;n, en la Unidad de Prevenci&oacute;n y Cesaci&oacute;n Tab&aacute;quica, tel&eacute;fono 0810 810 1033, opci&oacute;n 7.<\/p>\n<\/body><\/html>\n","protected":false},"excerpt":{"rendered":"La Unidad de Prevenci\u00f3n y Cesaci\u00f3n Tab\u00e1quica de OSEP contin\u00faa desarrollando intervenciones en distintos \u00e1mbitos laborales de Mendoza. Hoy realiz\u00f3 una charla en la Direcci\u00f3n de Adultos Mayores, Patricias Mendocinas 973 de Ciudad. ","protected":false},"author":3,"featured_media":102779,"comment_status":"open","ping_status":"open","sticky":false,"template":"","format":"standard","meta":[],"categories":[30],"tags":[],"_links":{"self":[{"href":"https:\/\/www.mendoza.gov.ar\/prensa\/wp-json\/wp\/v2\/posts\/102778"}],"collection":[{"href":"https:\/\/www.mendoza.gov.ar\/prensa\/wp-json\/wp\/v2\/posts"}],"about":[{"href":"https:\/\/www.mendoza.gov.ar\/prensa\/wp-json\/wp\/v2\/types\/post"}],"author":[{"embeddable":true,"href":"https:\/\/www.mendoza.gov.ar\/prensa\/wp-json\/wp\/v2\/users\/3"}],"replies":[{"embeddable":true,"href":"https:\/\/www.mendoza.gov.ar\/prensa\/wp-json\/wp\/v2\/comments?post=102778"}],"version-history":[{"count":0,"href":"https:\/\/www.mendoza.gov.ar\/prensa\/wp-json\/wp\/v2\/posts\/102778\/revisions"}],"wp:featuredmedia":[{"embeddable":true,"href":"https:\/\/www.mendoza.gov.ar\/prensa\/wp-json\/wp\/v2\/media\/102779"}],"wp:attachment":[{"href":"https:\/\/www.mendoza.gov.ar\/prensa\/wp-json\/wp\/v2\/media?parent=102778"}],"wp:term":[{"taxonomy":"category","embeddable":true,"href":"https:\/\/www.mendoza.gov.ar\/prensa\/wp-json\/wp\/v2\/categories?post=102778"},{"taxonomy":"post_tag","embeddable":true,"href":"https:\/\/www.mendoza.gov.ar\/prensa\/wp-json\/wp\/v2\/tags?post=102778"}],"curies":[{"name":"wp","href":"https:\/\/api.w.org\/{rel}","templated":true}]}}