{"id":103446,"date":"2017-09-11T14:53:00","date_gmt":"2017-09-11T17:53:00","guid":{"rendered":"http:\/\/prensa.wp1.mendoza.gov.ar\/?p=103446"},"modified":"2017-09-11T17:04:15","modified_gmt":"2017-09-11T20:04:15","slug":"mejoras-en-la-costanera-del-lago-del-parque-general-san-martin","status":"publish","type":"post","link":"https:\/\/www.mendoza.gov.ar\/prensa\/mejoras-en-la-costanera-del-lago-del-parque-general-san-martin\/","title":{"rendered":"Mejoras en la costanera del Lago del Parque General San Mart\u00edn"},"content":{"rendered":"<!DOCTYPE html PUBLIC \"-\/\/W3C\/\/DTD HTML 4.0 Transitional\/\/EN\" \"http:\/\/www.w3.org\/TR\/REC-html40\/loose.dtd\">\n<html><body><p>Desde la Direcci&oacute;n de Parques y Paseos P&uacute;blicos de la Secretar&iacute;a de Ambiente y Ordenamiento Territorial, se inform&oacute; que ya est&aacute; en marcha la remodelaci&oacute;n de la calle costanera del Lago del Parque General San Mart&iacute;n en el marco del Plan de Obras y Puesta en valor de todo el pulm&oacute;n verde que se ubica en la Ciudad de Mendoza.<\/p>\n<p>En este sentido, el director de Parques y Paseos P&uacute;blicos, Ricardo Mariotti, coment&oacute; los principales aspectos en los que se trabaja en este sector, entre los tantos que demanda esta importante obra en todo el Parque: &ldquo;Estamos avanzando muy r&aacute;pidamente en toda la dimensi&oacute;n del Parque, con trabajos muy importantes que durante varios a&ntilde;os no se hac&iacute;an. Hace unos d&iacute;as comenzamos con la remodelaci&oacute;n del sector de la costanera del Lago, en donde se le volver&aacute; a dar una importancia muy significativa al peat&oacute;n y a el deportista&rdquo;.<\/p>\n<p>En cuanto a los principales detalles de este espacio del Parque, que pertenece al n&uacute;cleo hist&oacute;rico del mismo, el funcionario mencion&oacute;: &ldquo;Estamos reconstruyendo por completo 800 metros de calle que ser&aacute; utilizada &uacute;nicamente para deportistas y peatones y a su vez las veredas con 4 metros de ancho de hormig&oacute;n estampado y un empedrado especial que le dar&aacute; una est&eacute;tica muy ambiental, conjuntamente con nuevos bancos con vista al lago&rdquo;.<\/p>\n<p>Otro de los aspectos de este espacio son las cunetas, que hist&oacute;ricamente eran de tierra, por lo cual dentro de esta obra, se est&aacute;n remodelando por completo con un empedrado originario del mismo Parque General San Mart&iacute;n.<\/p>\n<p>Adem&aacute;s, hizo menci&oacute;n a la luminaria p&uacute;blica del sector y de todo el Parque: &ldquo;En el sector, todas las luminarias se encontrar&aacute;n en funci&oacute;n, al igual que las m&aacute;s de 2.000 con las que cuenta todo el Parque General San Mart&iacute;n&rdquo;.<\/p>\n<p>La Secretar&iacute;a de Ambiente y Ordenamiento Territorial inform&oacute; adem&aacute;s que en este espacio ya se han plantado m&aacute;s de 60 forestales en el marco del Plan de Reforestaci&oacute;n de la obra.<\/p>\n<p>&nbsp;<\/p>\n<\/body><\/html>\n","protected":false},"excerpt":{"rendered":"Dentro del plan de \u201cobras y puesta en valor\u201d del principal pulm\u00f3n verde de la Provincia, ya se trabaja en la remodelaci\u00f3n de la calle costanera del Lago. Veredas, cunetas, luminarias y ciclo v\u00edas son algunos de los principales cambios que se implementar\u00e1n.\r\n\r\n","protected":false},"author":76,"featured_media":103447,"comment_status":"open","ping_status":"open","sticky":false,"template":"","format":"standard","meta":[],"categories":[3],"tags":[],"_links":{"self":[{"href":"https:\/\/www.mendoza.gov.ar\/prensa\/wp-json\/wp\/v2\/posts\/103446"}],"collection":[{"href":"https:\/\/www.mendoza.gov.ar\/prensa\/wp-json\/wp\/v2\/posts"}],"about":[{"href":"https:\/\/www.mendoza.gov.ar\/prensa\/wp-json\/wp\/v2\/types\/post"}],"author":[{"embeddable":true,"href":"https:\/\/www.mendoza.gov.ar\/prensa\/wp-json\/wp\/v2\/users\/76"}],"replies":[{"embeddable":true,"href":"https:\/\/www.mendoza.gov.ar\/prensa\/wp-json\/wp\/v2\/comments?post=103446"}],"version-history":[{"count":4,"href":"https:\/\/www.mendoza.gov.ar\/prensa\/wp-json\/wp\/v2\/posts\/103446\/revisions"}],"predecessor-version":[{"id":103465,"href":"https:\/\/www.mendoza.gov.ar\/prensa\/wp-json\/wp\/v2\/posts\/103446\/revisions\/103465"}],"wp:featuredmedia":[{"embeddable":true,"href":"https:\/\/www.mendoza.gov.ar\/prensa\/wp-json\/wp\/v2\/media\/103447"}],"wp:attachment":[{"href":"https:\/\/www.mendoza.gov.ar\/prensa\/wp-json\/wp\/v2\/media?parent=103446"}],"wp:term":[{"taxonomy":"category","embeddable":true,"href":"https:\/\/www.mendoza.gov.ar\/prensa\/wp-json\/wp\/v2\/categories?post=103446"},{"taxonomy":"post_tag","embeddable":true,"href":"https:\/\/www.mendoza.gov.ar\/prensa\/wp-json\/wp\/v2\/tags?post=103446"}],"curies":[{"name":"wp","href":"https:\/\/api.w.org\/{rel}","templated":true}]}}