{"id":103891,"date":"2017-09-13T17:35:00","date_gmt":"2017-09-13T20:35:00","guid":{"rendered":"http:\/\/prensa.wp1.mendoza.gov.ar\/?p=103891"},"modified":"2017-09-13T20:08:29","modified_gmt":"2017-09-13T23:08:29","slug":"nueva-sede-de-osep-en-fray-luis-beltran","status":"publish","type":"post","link":"https:\/\/www.mendoza.gov.ar\/prensa\/nueva-sede-de-osep-en-fray-luis-beltran\/","title":{"rendered":"Nueva sede de OSEP en Fray Luis Beltr\u00e1n"},"content":{"rendered":"<!DOCTYPE html PUBLIC \"-\/\/W3C\/\/DTD HTML 4.0 Transitional\/\/EN\" \"http:\/\/www.w3.org\/TR\/REC-html40\/loose.dtd\">\n<html><body><p>Autoridades de la Provincia asistir&aacute;n a la inauguraci&oacute;n de la nueva sede de OSEP en el distrito de Fray Luis Beltr&aacute;n Maip&uacute;. Las instalaciones, ubicadas en Mariano Moreno al 450, permitir&aacute;n ampliar la cantidad de servicios m&eacute;dico-asistenciales de la obra social y ofrecer m&aacute;s comodidad a los afiliados.<\/p>\n<p>La unidad estructurada para el abordaje m&eacute;dico preventivo posibilitar&aacute; tambi&eacute;n la extensi&oacute;n en los horarios de atenci&oacute;n y la incorporaci&oacute;n de nuevas especialidades.<\/p>\n<p><img loading=\"lazy\" width=\"250\" height=\"261\" class=\"alignnone size-medium wp-image-103892 img-responsive center-block\" src=\"https:\/\/www.mendoza.gov.ar\/prensa\/wp-content\/uploads\/sites\/5\/2017\/09\/fray-luis-face-e1505344087810-250x261.png\" alt=\"\" srcset=\"https:\/\/www.mendoza.gov.ar\/wp-content\/uploads\/sites\/5\/2017\/09\/fray-luis-face-e1505344087810-250x261.png 250w, https:\/\/www.mendoza.gov.ar\/wp-content\/uploads\/sites\/5\/2017\/09\/fray-luis-face-e1505344087810-768x801.png 768w, https:\/\/www.mendoza.gov.ar\/wp-content\/uploads\/sites\/5\/2017\/09\/fray-luis-face-e1505344087810-700x730.png 700w, https:\/\/www.mendoza.gov.ar\/wp-content\/uploads\/sites\/5\/2017\/09\/fray-luis-face-e1505344087810-120x125.png 120w, https:\/\/www.mendoza.gov.ar\/wp-content\/uploads\/sites\/5\/2017\/09\/fray-luis-face-e1505344087810.png 944w\" sizes=\"(max-width: 250px) 100vw, 250px\"><\/p>\n<p><strong>Nuevos servicios<\/strong><\/p>\n<p>La sede de OSEP de Fray Luis Beltr&aacute;n ofrecer&aacute; los siguientes servicios:<\/p>\n<p>Prestaciones: Afiliaciones, Tarjetas, Turnos, Informes, Entrega de leche y empadronamiento en Plan Nacer, Enfermer&iacute;a general y Electrocardiograma.<\/p>\n<p>Servicios m&eacute;dicos: Pediatr&iacute;a, Cl&iacute;nica M&eacute;dica, Medicina de Familia, Nutrici&oacute;n, Ginecolog&iacute;a, Obstetricia, Dermatolog&iacute;a, Cardiolog&iacute;a, Fonoaudiolog&iacute;a Infantil, Odontolog&iacute;a General, Odontopediatr&iacute;a y Auditor&iacute;a Odontol&oacute;gica.<\/p>\n<\/body><\/html>\n","protected":false},"excerpt":{"rendered":"La Obra Social de Empleados P\u00fablicos inaugurar\u00e1 un nuevo edificio en el distrito de Maip\u00fa para brindar servicios a los m\u00e1s de 5.000 afiliados que viven en la zona. El acto ser\u00e1 el pr\u00f3ximo jueves, a las 18. ","protected":false},"author":63,"featured_media":103810,"comment_status":"open","ping_status":"open","sticky":false,"template":"","format":"standard","meta":[],"categories":[30],"tags":[],"_links":{"self":[{"href":"https:\/\/www.mendoza.gov.ar\/prensa\/wp-json\/wp\/v2\/posts\/103891"}],"collection":[{"href":"https:\/\/www.mendoza.gov.ar\/prensa\/wp-json\/wp\/v2\/posts"}],"about":[{"href":"https:\/\/www.mendoza.gov.ar\/prensa\/wp-json\/wp\/v2\/types\/post"}],"author":[{"embeddable":true,"href":"https:\/\/www.mendoza.gov.ar\/prensa\/wp-json\/wp\/v2\/users\/63"}],"replies":[{"embeddable":true,"href":"https:\/\/www.mendoza.gov.ar\/prensa\/wp-json\/wp\/v2\/comments?post=103891"}],"version-history":[{"count":4,"href":"https:\/\/www.mendoza.gov.ar\/prensa\/wp-json\/wp\/v2\/posts\/103891\/revisions"}],"predecessor-version":[{"id":103925,"href":"https:\/\/www.mendoza.gov.ar\/prensa\/wp-json\/wp\/v2\/posts\/103891\/revisions\/103925"}],"wp:featuredmedia":[{"embeddable":true,"href":"https:\/\/www.mendoza.gov.ar\/prensa\/wp-json\/wp\/v2\/media\/103810"}],"wp:attachment":[{"href":"https:\/\/www.mendoza.gov.ar\/prensa\/wp-json\/wp\/v2\/media?parent=103891"}],"wp:term":[{"taxonomy":"category","embeddable":true,"href":"https:\/\/www.mendoza.gov.ar\/prensa\/wp-json\/wp\/v2\/categories?post=103891"},{"taxonomy":"post_tag","embeddable":true,"href":"https:\/\/www.mendoza.gov.ar\/prensa\/wp-json\/wp\/v2\/tags?post=103891"}],"curies":[{"name":"wp","href":"https:\/\/api.w.org\/{rel}","templated":true}]}}