{"id":104025,"date":"2017-09-14T13:30:22","date_gmt":"2017-09-14T16:30:22","guid":{"rendered":"http:\/\/prensa.wp1.mendoza.gov.ar\/?p=104025"},"modified":"2017-09-14T13:39:37","modified_gmt":"2017-09-14T16:39:37","slug":"nacion-incluyo-a-mendoza-en-la-emergencia-agropecuaria-de-peras-y-manzanas","status":"publish","type":"post","link":"https:\/\/www.mendoza.gov.ar\/prensa\/nacion-incluyo-a-mendoza-en-la-emergencia-agropecuaria-de-peras-y-manzanas\/","title":{"rendered":"Naci\u00f3n incluy\u00f3 a Mendoza en la emergencia agropecuaria de peras y manzanas"},"content":{"rendered":"<!DOCTYPE html PUBLIC \"-\/\/W3C\/\/DTD HTML 4.0 Transitional\/\/EN\" \"http:\/\/www.w3.org\/TR\/REC-html40\/loose.dtd\">\n<html><body><p class=\"m_-3768946787344074895yiv1979761781MsoNormal\">La inclusi&oacute;n de Mendoza en los alcances de la ley que declara la emergencia agropecuaria para productores de peras y manzanas durante un a&ntilde;o qued&oacute; en firme luego de que la C&aacute;mara Baja nacional valid&oacute; las modificaciones que se incluyeron en la Ley 27354.<\/p>\n<p class=\"m_-3768946787344074895yiv1979761781MsoNormal\">El texto faculta al Poder Ejecutivo a &ldquo;instrumentar reg&iacute;menes especiales para el pago de las obligaciones impositivas y de la seguridad social&rdquo; desde el 1 de junio de 2016.<\/p>\n<p class=\"m_-3768946787344074895yiv1979761781MsoNormal\">Esto implica que la Administraci&oacute;n Federal de Ingresos P&uacute;blicos (AFIP) deber&aacute; otorgar facilidades de pago, con una tasa de inter&eacute;s de hasta el 1% mensual, para que los productores puedan cancelar las obligaciones que tengan con el organismo hasta el 31 de mayo de 2018, pudiendo instrumentarse planes de pago de hasta 90 cuotas.<\/p>\n<p class=\"m_-3768946787344074895yiv1979761781MsoNormal\">La norma indica adem&aacute;s que durante la vigencia de ley se suspender&aacute;n las iniciaciones de juicios de ejecuci&oacute;n fiscal y medidas preventivas para el cobro de los impuestos y obligaciones de la seguridad social, adeudados por los contribuyentes. Asimismo, los procesos judiciales en tr&aacute;mite quedar&aacute;n paralizados hasta el vencimiento de esta ley.<\/p>\n<\/body><\/html>\n","protected":false},"excerpt":{"rendered":"Tras la sanci\u00f3n definitiva de la norma, aprobada en la C\u00e1mara de Diputados, los productores de fruta de pepita de la provincia podr\u00e1n acceder a beneficios impositivos.  ","protected":false},"author":77,"featured_media":104026,"comment_status":"open","ping_status":"open","sticky":false,"template":"","format":"standard","meta":[],"categories":[1],"tags":[],"_links":{"self":[{"href":"https:\/\/www.mendoza.gov.ar\/prensa\/wp-json\/wp\/v2\/posts\/104025"}],"collection":[{"href":"https:\/\/www.mendoza.gov.ar\/prensa\/wp-json\/wp\/v2\/posts"}],"about":[{"href":"https:\/\/www.mendoza.gov.ar\/prensa\/wp-json\/wp\/v2\/types\/post"}],"author":[{"embeddable":true,"href":"https:\/\/www.mendoza.gov.ar\/prensa\/wp-json\/wp\/v2\/users\/77"}],"replies":[{"embeddable":true,"href":"https:\/\/www.mendoza.gov.ar\/prensa\/wp-json\/wp\/v2\/comments?post=104025"}],"version-history":[{"count":3,"href":"https:\/\/www.mendoza.gov.ar\/prensa\/wp-json\/wp\/v2\/posts\/104025\/revisions"}],"predecessor-version":[{"id":104033,"href":"https:\/\/www.mendoza.gov.ar\/prensa\/wp-json\/wp\/v2\/posts\/104025\/revisions\/104033"}],"wp:featuredmedia":[{"embeddable":true,"href":"https:\/\/www.mendoza.gov.ar\/prensa\/wp-json\/wp\/v2\/media\/104026"}],"wp:attachment":[{"href":"https:\/\/www.mendoza.gov.ar\/prensa\/wp-json\/wp\/v2\/media?parent=104025"}],"wp:term":[{"taxonomy":"category","embeddable":true,"href":"https:\/\/www.mendoza.gov.ar\/prensa\/wp-json\/wp\/v2\/categories?post=104025"},{"taxonomy":"post_tag","embeddable":true,"href":"https:\/\/www.mendoza.gov.ar\/prensa\/wp-json\/wp\/v2\/tags?post=104025"}],"curies":[{"name":"wp","href":"https:\/\/api.w.org\/{rel}","templated":true}]}}