{"id":104074,"date":"2017-09-14T18:22:19","date_gmt":"2017-09-14T21:22:19","guid":{"rendered":"http:\/\/prensa.wp1.mendoza.gov.ar\/?p=104074"},"modified":"2017-09-15T08:45:00","modified_gmt":"2017-09-15T11:45:00","slug":"concientizacion-sobre-linfoma-en-san-martin","status":"publish","type":"post","link":"https:\/\/www.mendoza.gov.ar\/prensa\/concientizacion-sobre-linfoma-en-san-martin\/","title":{"rendered":"Concientizaci\u00f3n sobre linfoma en San Mart\u00edn"},"content":{"rendered":"<!DOCTYPE html PUBLIC \"-\/\/W3C\/\/DTD HTML 4.0 Transitional\/\/EN\" \"http:\/\/www.w3.org\/TR\/REC-html40\/loose.dtd\">\n<html><body><p>El linfoma es un tumor o &ldquo;neoplasia&rdquo; del sistema linf&aacute;tico que se produce por el crecimiento anormal de las c&eacute;lulas que forman parte del sistema inmunol&oacute;gico del cuerpo.<\/p>\n<p>El sistema linf&aacute;tico constituye una amplia red de vasos que conectan los ganglios del cuerpo distribuidos en distintos grupos (axila, ingle, cuello, t&oacute;rax y abdomen) transportando un l&iacute;quido blanquecino llamado linfa que contiene las c&eacute;lulas blancas encargadas de defender al cuerpo de las infecciones.<\/p>\n<p>En la actividad, se colocaron carteles explicativos, se repartieron folletos informativos y personal m&eacute;dico de la obra social asesor&oacute; a los afiliados.<\/p>\n<p>La organizaci&oacute;n de las jornadas estuvo a cargo del Servicio de Hematolog&iacute;a del Hospital del Carmen, a trav&eacute;s de las doctoras Roxana Capitani y Gisela Fusari, quienes compartieron sus conocimientos y experiencias y contestaron las dudas de los presentes.<\/p>\n<\/body><\/html>\n","protected":false},"excerpt":{"rendered":"En el marco del D\u00eda Mundial del Linfoma, que se conmemora el 15 de setiembre, en la sede de OSEP de San Mart\u00edn se llevaron a cabo dos jornadas de informaci\u00f3n y aprendizaje sobre esta patolog\u00eda poco conocida por la poblaci\u00f3n.\r\n\r\n","protected":false},"author":68,"featured_media":104075,"comment_status":"open","ping_status":"open","sticky":false,"template":"","format":"standard","meta":[],"categories":[30],"tags":[],"_links":{"self":[{"href":"https:\/\/www.mendoza.gov.ar\/prensa\/wp-json\/wp\/v2\/posts\/104074"}],"collection":[{"href":"https:\/\/www.mendoza.gov.ar\/prensa\/wp-json\/wp\/v2\/posts"}],"about":[{"href":"https:\/\/www.mendoza.gov.ar\/prensa\/wp-json\/wp\/v2\/types\/post"}],"author":[{"embeddable":true,"href":"https:\/\/www.mendoza.gov.ar\/prensa\/wp-json\/wp\/v2\/users\/68"}],"replies":[{"embeddable":true,"href":"https:\/\/www.mendoza.gov.ar\/prensa\/wp-json\/wp\/v2\/comments?post=104074"}],"version-history":[{"count":3,"href":"https:\/\/www.mendoza.gov.ar\/prensa\/wp-json\/wp\/v2\/posts\/104074\/revisions"}],"predecessor-version":[{"id":104115,"href":"https:\/\/www.mendoza.gov.ar\/prensa\/wp-json\/wp\/v2\/posts\/104074\/revisions\/104115"}],"wp:featuredmedia":[{"embeddable":true,"href":"https:\/\/www.mendoza.gov.ar\/prensa\/wp-json\/wp\/v2\/media\/104075"}],"wp:attachment":[{"href":"https:\/\/www.mendoza.gov.ar\/prensa\/wp-json\/wp\/v2\/media?parent=104074"}],"wp:term":[{"taxonomy":"category","embeddable":true,"href":"https:\/\/www.mendoza.gov.ar\/prensa\/wp-json\/wp\/v2\/categories?post=104074"},{"taxonomy":"post_tag","embeddable":true,"href":"https:\/\/www.mendoza.gov.ar\/prensa\/wp-json\/wp\/v2\/tags?post=104074"}],"curies":[{"name":"wp","href":"https:\/\/api.w.org\/{rel}","templated":true}]}}