{"id":104227,"date":"2017-09-16T10:20:23","date_gmt":"2017-09-16T13:20:23","guid":{"rendered":"http:\/\/prensa.wp1.mendoza.gov.ar\/?p=104227"},"modified":"2019-03-11T10:00:20","modified_gmt":"2019-03-11T13:00:20","slug":"104227-2","status":"publish","type":"post","link":"https:\/\/www.mendoza.gov.ar\/prensa\/104227-2\/","title":{"rendered":"Unicipio\u00a0se capacita en\u00a0Gesti\u00f3n de Proyectos de Desarrollo del BID"},"content":{"rendered":"<!DOCTYPE html PUBLIC \"-\/\/W3C\/\/DTD HTML 4.0 Transitional\/\/EN\" \"http:\/\/www.w3.org\/TR\/REC-html40\/loose.dtd\">\n<html><body><p>La coordinaci&oacute;n de Unicipio &ndash;perteneciente a la Secretar&iacute;a de Ambiente y Ordenamiento Territorial&ndash;asisti&oacute; a una capacitaci&oacute;n del Banco Interamericano de Desarrollo (BID) en Buenos Aires, la cual estaba referida a la identificaci&oacute;n de herramientas para una m&aacute;s efectiva formulaci&oacute;n y desarrollo de proyectos bajo metodolog&iacute;as especiales.<\/p>\n<p>En la actualidad, el Consejo de Coordinaci&oacute;n de Pol&iacute;ticas P&uacute;blicas para el &Aacute;rea Metropolitana (Unicipio) est&aacute; llevando adelante proyectos financiados por el BID &ndash;con distinto grado de avance&ndash; para abordar o resolver problem&aacute;ticas ambientales. &nbsp;Es el caso de proyectos del Programa de Desarrollo de &Aacute;reas Metropolitanas del Interior&nbsp;(DAMI I) sobre &ldquo;Sistema Integrado de Gesti&oacute;n y Monitoreo de Seguridad Ciudadana&rdquo; y de&nbsp;(DAMI II) sobre &ldquo;Red Cicloviaria Integral para el &Aacute;rea Metropolitana&rdquo; y el &ldquo;Proyecto de Arbolado P&uacute;blico&rdquo; para salvaguardar las masas forestales de los departamentos que conforman Unicipio.<\/p>\n<p>&nbsp;<\/p>\n<\/body><\/html>\n","protected":false},"excerpt":{"rendered":"Fue en Buenos Aires y estuvo referida a la identificaci\u00f3n de herramientas para una m\u00e1s efectiva formulaci\u00f3n y desarrollo de proyectos con metodolog\u00edas especiales.","protected":false},"author":61,"featured_media":104230,"comment_status":"open","ping_status":"open","sticky":false,"template":"","format":"standard","meta":[],"categories":[3,1792],"tags":[],"_links":{"self":[{"href":"https:\/\/www.mendoza.gov.ar\/prensa\/wp-json\/wp\/v2\/posts\/104227"}],"collection":[{"href":"https:\/\/www.mendoza.gov.ar\/prensa\/wp-json\/wp\/v2\/posts"}],"about":[{"href":"https:\/\/www.mendoza.gov.ar\/prensa\/wp-json\/wp\/v2\/types\/post"}],"author":[{"embeddable":true,"href":"https:\/\/www.mendoza.gov.ar\/prensa\/wp-json\/wp\/v2\/users\/61"}],"replies":[{"embeddable":true,"href":"https:\/\/www.mendoza.gov.ar\/prensa\/wp-json\/wp\/v2\/comments?post=104227"}],"version-history":[{"count":5,"href":"https:\/\/www.mendoza.gov.ar\/prensa\/wp-json\/wp\/v2\/posts\/104227\/revisions"}],"predecessor-version":[{"id":104362,"href":"https:\/\/www.mendoza.gov.ar\/prensa\/wp-json\/wp\/v2\/posts\/104227\/revisions\/104362"}],"wp:featuredmedia":[{"embeddable":true,"href":"https:\/\/www.mendoza.gov.ar\/prensa\/wp-json\/wp\/v2\/media\/104230"}],"wp:attachment":[{"href":"https:\/\/www.mendoza.gov.ar\/prensa\/wp-json\/wp\/v2\/media?parent=104227"}],"wp:term":[{"taxonomy":"category","embeddable":true,"href":"https:\/\/www.mendoza.gov.ar\/prensa\/wp-json\/wp\/v2\/categories?post=104227"},{"taxonomy":"post_tag","embeddable":true,"href":"https:\/\/www.mendoza.gov.ar\/prensa\/wp-json\/wp\/v2\/tags?post=104227"}],"curies":[{"name":"wp","href":"https:\/\/api.w.org\/{rel}","templated":true}]}}