{"id":104244,"date":"2017-09-15T12:56:54","date_gmt":"2017-09-15T15:56:54","guid":{"rendered":"http:\/\/prensa.wp1.mendoza.gov.ar\/?p=104244"},"modified":"2017-09-15T18:44:19","modified_gmt":"2017-09-15T21:44:19","slug":"inauguraron-la-nueva-sede-de-osep-en-fray-luis-beltran","status":"publish","type":"post","link":"https:\/\/www.mendoza.gov.ar\/prensa\/inauguraron-la-nueva-sede-de-osep-en-fray-luis-beltran\/","title":{"rendered":"Inauguraron la nueva sede de OSEP en Fray Luis Beltr\u00e1n"},"content":{"rendered":"<!DOCTYPE html PUBLIC \"-\/\/W3C\/\/DTD HTML 4.0 Transitional\/\/EN\" \"http:\/\/www.w3.org\/TR\/REC-html40\/loose.dtd\">\n<html><body><div id=\"m_4442403680973896002yui_3_16_0_ym19_1_1505489349205_6671\"><span id=\"m_4442403680973896002yui_3_16_0_ym19_1_1505489349205_6672\" style=\"font-family: Arial, sans-serif\"><span id=\"m_4442403680973896002yui_3_16_0_ym19_1_1505489349205_6673\">Ayer se llev&oacute; a cabo la inauguraci&oacute;n de la nueva sede de OSEP Fray Luis Beltr&aacute;n en Dr. Moreno 450 del mencionado distrito, dependiente del departamento Maip&uacute;.<\/span><\/span><\/div>\n<div><\/div>\n<div id=\"m_4442403680973896002yui_3_16_0_ym19_1_1505489349205_6674\"><span id=\"m_4442403680973896002yui_3_16_0_ym19_1_1505489349205_6675\" style=\"font-family: Arial, sans-serif\"><span id=\"m_4442403680973896002yui_3_16_0_ym19_1_1505489349205_6676\">En el acto inaugural estuvieron el Gobernador de Mendoza, Alfredo Cornejo, la m<\/span><\/span><span id=\"m_4442403680973896002yui_3_16_0_ym19_1_1505489349205_6678\" style=\"font-family: Arial, sans-serif\"><span id=\"m_4442403680973896002yui_3_16_0_ym19_1_1505489349205_6679\">inistra de Salud, Desarrollo social y Deportes, Claudia Najul; el subsecretario de Salud, Oscar Sag&aacute;s; el director General de OSEP, Sergio Vergara; el intendente de Guaymall&eacute;n, Marcelino Iglesias, y dem&aacute;s autoridades provinciales y de la obra social.<\/span><\/span><\/div>\n<div><\/div>\n<div id=\"m_4442403680973896002yui_3_16_0_ym19_1_1505489349205_6680\"><span id=\"m_4442403680973896002yui_3_16_0_ym19_1_1505489349205_6681\" style=\"font-family: Arial, sans-serif\"><span id=\"m_4442403680973896002yui_3_16_0_ym19_1_1505489349205_6682\"> Vergara destac&oacute; : &ldquo;Este es el camino que se ha elegido para producir el cambio de paradigma en la salud, apostando por el bienestar del afiliado&rdquo;. <\/span><\/span><\/div>\n<div><\/div>\n<div><span id=\"m_4442403680973896002yui_3_16_0_ym19_1_1505489349205_6681\" style=\"font-family: Arial, sans-serif\"><span id=\"m_4442403680973896002yui_3_16_0_ym19_1_1505489349205_6682\">Por su parte, Cornejo habl&oacute; del valor que significa el trabajo que realiza OSEP en la comunidad, a lo que sum&oacute; el reconocimiento a su Direcci&oacute;n de Mantenimiento e Infraestructura, ya que la sede se arm&oacute; en forma &iacute;ntegra por personal, sin contratar mano de obra de terceros.<\/span><\/span><\/div>\n<div><\/div>\n<div id=\"m_4442403680973896002yui_3_16_0_ym19_1_1505489349205_6683\"><span id=\"m_4442403680973896002yui_3_16_0_ym19_1_1505489349205_6684\" style=\"font-family: Arial, sans-serif\"><span id=\"m_4442403680973896002yui_3_16_0_ym19_1_1505489349205_6685\">El responsable de la sede Fray Luis Beltr&aacute;n, Leandro S&aacute;nchez Giol, ser&aacute; el encargado de comandar la unidad, estructurada para el abordaje m&eacute;dico preventivo que posibilitar&aacute; tambi&eacute;n la extensi&oacute;n en los horarios de atenci&oacute;n y la incorporaci&oacute;n de nuevas especialidades.<\/span><\/span><\/div>\n<div><\/div>\n<div id=\"m_4442403680973896002yui_3_16_0_ym19_1_1505489349205_6686\"><span id=\"m_4442403680973896002yui_3_16_0_ym19_1_1505489349205_6687\" style=\"font-family: Arial, sans-serif\"><span id=\"m_4442403680973896002yui_3_16_0_ym19_1_1505489349205_6688\"><span id=\"m_4442403680973896002yui_3_16_0_ym19_1_1505489349205_6689\" lang=\"es-ES\">Los servicios que funcionan actualmente son P<\/span>ediatr&iacute;a, Cl&iacute;nica M&eacute;dica, Medicina de Familia, Nutrici&oacute;n, Ginecolog&iacute;a, Obstetricia, Dermatolog&iacute;a, Cardiolog&iacute;a, Fonoaudiolog&iacute;a Infantil, Odontolog&iacute;a General, Odontopediatr&iacute;a y Auditor&iacute;a Odontol&oacute;gica.<\/span><\/span><\/div>\n<div><\/div>\n<div id=\"m_4442403680973896002yui_3_16_0_ym19_1_1505489349205_6690\"><span id=\"m_4442403680973896002yui_3_16_0_ym19_1_1505489349205_6691\" style=\"font-family: Arial, sans-serif\"><span id=\"m_4442403680973896002yui_3_16_0_ym19_1_1505489349205_6692\">Tambi&eacute;n hay oficinas de afiliaciones, tarjetas, turnos, informes, entrega de leche y empadronamiento en Plan Nacer, enfermer&iacute;a general; electrocardiograma y empadronamiento del programa Atenci&oacute;n Temprana.<\/span><\/span><\/div>\n<div id=\"m_4442403680973896002yui_3_16_0_ym19_1_1505489349205_6693\"><\/div>\n<div id=\"m_4442403680973896002yui_3_16_0_ym19_1_1505489349205_6695\"><span id=\"m_4442403680973896002yui_3_16_0_ym19_1_1505489349205_6696\" style=\"color: #000000\"><span id=\"m_4442403680973896002yui_3_16_0_ym19_1_1505489349205_6697\" style=\"font-family: Arial, sans-serif\"><span id=\"m_4442403680973896002yui_3_16_0_ym19_1_1505489349205_6698\">Luego del tradicional corte de cinta, los presentes hicieron una recorrida por toda la sede para conocer sus comodidades.<\/span><\/span><\/span><\/div>\n<div id=\"m_4442403680973896002yui_3_16_0_ym19_1_1505489349205_6422\"><\/div>\n<div id=\"m_4442403680973896002yui_3_16_0_ym19_1_1505489349205_6699\" dir=\"ltr\"><span id=\"m_4442403680973896002yui_3_16_0_ym19_1_1505489349205_6700\" style=\"color: #000000\"><span id=\"m_4442403680973896002yui_3_16_0_ym19_1_1505489349205_6701\" style=\"font-family: Arial, sans-serif\"><span id=\"m_4442403680973896002yui_3_16_0_ym19_1_1505489349205_6702\"><span id=\"m_4442403680973896002yui_3_16_0_ym19_1_1505489349205_6703\" style=\"font-family: 'Open Sans', sans-serif\">Este espacio servir&aacute; para dar respuestas de salud m&aacute;s adecuadas a los m&aacute;s de 5.000 afiliados del distrito y zonas aleda&ntilde;as.<\/span><\/span><\/span><\/span><\/div>\n<div dir=\"ltr\"><\/div>\n<div dir=\"ltr\">\n\n        <style type='text\/css'>\n            #gallery-1 {\n                margin: auto;\n            }\n            #gallery-1 .gallery-item {\n                float: left;\n                margin-top: 10px;\n\n                width: auto;}\n            #gallery-1 img {\n                border: 0px none;\n            }\n            #gallery-1 .gallery-caption {\n                margin-left: 0;\n            }\n        <\/style>\n<script>\njQuery(document).ready(function($) {\n  jQuery('div.gallery-item').hover(function(){\n     \/\/jQuery(this).fadeIn().siblings(':not(.modal)').fadeTo( 'slow' , 0.2);\n     jQuery(this).siblings(':not(.modal)').fadeTo( 'fast' , 0.2);\n     jQuery(this).fadeTo( 'slow' , 1);\n  },function(){\n     \/\/$(this).siblings().andSelf().fadeTo( 'slow' , 1);\n  });\n  jQuery('#gallery-1').on('mouseleave',function(){\n    jQuery('div.gallery-item').fadeTo( 'fast' , 1);\n  })\n});\n<\/script>\n        <!-- see gallery_shortcode() in wp-includes\/media.php -->\n        <h3>GALERIA<\/h3>\n        <div id='gallery-1' class='gallery galleryid-104244'><div class='gallery-item' data-toggle='modal' data-target='#104246' id='r104246'>\n            <dt class='gallery-icon'>\n                <a style='cursor:pointer;'><img width='150' height='150' src='https:\/\/www.mendoza.gov.ar\/wp-content\/uploads\/sites\/5\/2017\/09\/1DSC_8253-150x150.jpg' class='attachment-thumbnail size-thumbnail' alt='' href=''><\/a>\n             <\/dt><\/div><div class=\"modal fade bs-example-modal-lg\" id=\"104246\" tabindex=\"-1\" role=\"dialog\" aria-labelledby=\"myModalLabel\">\n  <div class=\"modal-dialog modal-lg\" role=\"document\">\n    <div class=\"\">\n      <div class=\"modal-body\" style=\"text-align: center;\"><a href='https:\/\/www.mendoza.gov.ar\/prensa\/inauguraron-la-nueva-sede-de-osep-en-fray-luis-beltran\/1dsc_8253\/'><img width=\"700\" height=\"467\" src=\"https:\/\/www.mendoza.gov.ar\/wp-content\/uploads\/sites\/5\/2017\/09\/1DSC_8253-700x467.jpg\" class=\"attachment-large size-large\" alt=\"\" loading=\"lazy\" srcset=\"https:\/\/www.mendoza.gov.ar\/wp-content\/uploads\/sites\/5\/2017\/09\/1DSC_8253-700x467.jpg 700w, https:\/\/www.mendoza.gov.ar\/wp-content\/uploads\/sites\/5\/2017\/09\/1DSC_8253-250x167.jpg 250w, https:\/\/www.mendoza.gov.ar\/wp-content\/uploads\/sites\/5\/2017\/09\/1DSC_8253-768x513.jpg 768w, https:\/\/www.mendoza.gov.ar\/wp-content\/uploads\/sites\/5\/2017\/09\/1DSC_8253-120x80.jpg 120w\" sizes=\"(max-width: 700px) 100vw, 700px\" \/><\/a><a data-toggle=\"modal\" data-dismiss=\"modal\" data-target=\"#104247\"><i class=\"text-white fa fa-chevron-right fa-4x\"><\/i><\/a><\/div>\n    <\/div>\n  <\/div>\n<\/div><div class='gallery-item' data-toggle='modal' data-target='#104247' id='r104247'>\n            <dt class='gallery-icon'>\n                <a style='cursor:pointer;'><img width='150' height='150' src='https:\/\/www.mendoza.gov.ar\/wp-content\/uploads\/sites\/5\/2017\/09\/IMG_4810-150x150.jpg' class='attachment-thumbnail size-thumbnail' alt='' href=''><\/a>\n             <\/dt><\/div><div class=\"modal fade bs-example-modal-lg\" id=\"104247\" tabindex=\"-1\" role=\"dialog\" aria-labelledby=\"myModalLabel\">\n  <div class=\"modal-dialog modal-lg\" role=\"document\">\n    <div class=\"\">\n      <div class=\"modal-body\" style=\"text-align: center;\"><a data-toggle=\"modal\" data-dismiss=\"modal\" data-target=\"#104246\"><i class=\"text-white fa fa-chevron-left fa-4x\"><\/i><\/a><a href='https:\/\/www.mendoza.gov.ar\/prensa\/inauguraron-la-nueva-sede-de-osep-en-fray-luis-beltran\/img_4810\/'><img width=\"700\" height=\"466\" src=\"https:\/\/www.mendoza.gov.ar\/wp-content\/uploads\/sites\/5\/2017\/09\/IMG_4810-700x466.jpg\" class=\"attachment-large size-large\" alt=\"\" loading=\"lazy\" srcset=\"https:\/\/www.mendoza.gov.ar\/wp-content\/uploads\/sites\/5\/2017\/09\/IMG_4810-700x466.jpg 700w, https:\/\/www.mendoza.gov.ar\/wp-content\/uploads\/sites\/5\/2017\/09\/IMG_4810-250x167.jpg 250w, https:\/\/www.mendoza.gov.ar\/wp-content\/uploads\/sites\/5\/2017\/09\/IMG_4810-768x512.jpg 768w, https:\/\/www.mendoza.gov.ar\/wp-content\/uploads\/sites\/5\/2017\/09\/IMG_4810-120x80.jpg 120w, https:\/\/www.mendoza.gov.ar\/wp-content\/uploads\/sites\/5\/2017\/09\/IMG_4810.jpg 800w\" sizes=\"(max-width: 700px) 100vw, 700px\" \/><\/a><a data-toggle=\"modal\" data-dismiss=\"modal\" data-target=\"#104248\"><i class=\"text-white fa fa-chevron-right fa-4x\"><\/i><\/a><\/div>\n    <\/div>\n  <\/div>\n<\/div><div class='gallery-item' data-toggle='modal' data-target='#104248' id='r104248'>\n            <dt class='gallery-icon'>\n                <a style='cursor:pointer;'><img width='150' height='150' src='https:\/\/www.mendoza.gov.ar\/wp-content\/uploads\/sites\/5\/2017\/09\/IMG_4828-150x150.jpg' class='attachment-thumbnail size-thumbnail' alt='' href=''><\/a>\n             <\/dt><\/div><div class=\"modal fade bs-example-modal-lg\" id=\"104248\" tabindex=\"-1\" role=\"dialog\" aria-labelledby=\"myModalLabel\">\n  <div class=\"modal-dialog modal-lg\" role=\"document\">\n    <div class=\"\">\n      <div class=\"modal-body\" style=\"text-align: center;\"><a data-toggle=\"modal\" data-dismiss=\"modal\" data-target=\"#104247\"><i class=\"text-white fa fa-chevron-left fa-4x\"><\/i><\/a><a href='https:\/\/www.mendoza.gov.ar\/prensa\/inauguraron-la-nueva-sede-de-osep-en-fray-luis-beltran\/img_4828\/'><img width=\"700\" height=\"466\" src=\"https:\/\/www.mendoza.gov.ar\/wp-content\/uploads\/sites\/5\/2017\/09\/IMG_4828-700x466.jpg\" class=\"attachment-large size-large\" alt=\"\" loading=\"lazy\" srcset=\"https:\/\/www.mendoza.gov.ar\/wp-content\/uploads\/sites\/5\/2017\/09\/IMG_4828-700x466.jpg 700w, https:\/\/www.mendoza.gov.ar\/wp-content\/uploads\/sites\/5\/2017\/09\/IMG_4828-250x167.jpg 250w, https:\/\/www.mendoza.gov.ar\/wp-content\/uploads\/sites\/5\/2017\/09\/IMG_4828-768x512.jpg 768w, https:\/\/www.mendoza.gov.ar\/wp-content\/uploads\/sites\/5\/2017\/09\/IMG_4828-120x80.jpg 120w, https:\/\/www.mendoza.gov.ar\/wp-content\/uploads\/sites\/5\/2017\/09\/IMG_4828.jpg 800w\" sizes=\"(max-width: 700px) 100vw, 700px\" \/><\/a><a data-toggle=\"modal\" data-dismiss=\"modal\" data-target=\"#104249\"><i class=\"text-white fa fa-chevron-right fa-4x\"><\/i><\/a><\/div>\n    <\/div>\n  <\/div>\n<\/div><div class='gallery-item' data-toggle='modal' data-target='#104249' id='r104249'>\n            <dt class='gallery-icon'>\n                <a style='cursor:pointer;'><img width='150' height='150' src='https:\/\/www.mendoza.gov.ar\/wp-content\/uploads\/sites\/5\/2017\/09\/IMG_4773-150x150.jpg' class='attachment-thumbnail size-thumbnail' alt='' href=''><\/a>\n             <\/dt><\/div><div class=\"modal fade bs-example-modal-lg\" id=\"104249\" tabindex=\"-1\" role=\"dialog\" aria-labelledby=\"myModalLabel\">\n  <div class=\"modal-dialog modal-lg\" role=\"document\">\n    <div class=\"\">\n      <div class=\"modal-body\" style=\"text-align: center;\"><a data-toggle=\"modal\" data-dismiss=\"modal\" data-target=\"#104248\"><i class=\"text-white fa fa-chevron-left fa-4x\"><\/i><\/a><a href='https:\/\/www.mendoza.gov.ar\/prensa\/inauguraron-la-nueva-sede-de-osep-en-fray-luis-beltran\/img_4773\/'><img width=\"700\" height=\"466\" src=\"https:\/\/www.mendoza.gov.ar\/wp-content\/uploads\/sites\/5\/2017\/09\/IMG_4773-700x466.jpg\" class=\"attachment-large size-large\" alt=\"\" loading=\"lazy\" srcset=\"https:\/\/www.mendoza.gov.ar\/wp-content\/uploads\/sites\/5\/2017\/09\/IMG_4773-700x466.jpg 700w, https:\/\/www.mendoza.gov.ar\/wp-content\/uploads\/sites\/5\/2017\/09\/IMG_4773-250x167.jpg 250w, https:\/\/www.mendoza.gov.ar\/wp-content\/uploads\/sites\/5\/2017\/09\/IMG_4773-768x512.jpg 768w, https:\/\/www.mendoza.gov.ar\/wp-content\/uploads\/sites\/5\/2017\/09\/IMG_4773-120x80.jpg 120w, https:\/\/www.mendoza.gov.ar\/wp-content\/uploads\/sites\/5\/2017\/09\/IMG_4773.jpg 800w\" sizes=\"(max-width: 700px) 100vw, 700px\" \/><\/a><a data-toggle=\"modal\" data-dismiss=\"modal\" data-target=\"#104250\"><i class=\"text-white fa fa-chevron-right fa-4x\"><\/i><\/a><\/div>\n    <\/div>\n  <\/div>\n<\/div><div class='gallery-item' data-toggle='modal' data-target='#104250' id='r104250'>\n            <dt class='gallery-icon'>\n                <a style='cursor:pointer;'><img width='150' height='150' src='https:\/\/www.mendoza.gov.ar\/wp-content\/uploads\/sites\/5\/2017\/09\/IMG_4744-150x150.jpg' class='attachment-thumbnail size-thumbnail' alt='' href=''><\/a>\n             <\/dt><\/div><div class=\"modal fade bs-example-modal-lg\" id=\"104250\" tabindex=\"-1\" role=\"dialog\" aria-labelledby=\"myModalLabel\">\n  <div class=\"modal-dialog modal-lg\" role=\"document\">\n    <div class=\"\">\n      <div class=\"modal-body\" style=\"text-align: center;\"><a data-toggle=\"modal\" data-dismiss=\"modal\" data-target=\"#104249\"><i class=\"text-white fa fa-chevron-left fa-4x\"><\/i><\/a><a href='https:\/\/www.mendoza.gov.ar\/prensa\/inauguraron-la-nueva-sede-de-osep-en-fray-luis-beltran\/img_4744\/'><img width=\"700\" height=\"466\" src=\"https:\/\/www.mendoza.gov.ar\/wp-content\/uploads\/sites\/5\/2017\/09\/IMG_4744-700x466.jpg\" class=\"attachment-large size-large\" alt=\"\" loading=\"lazy\" srcset=\"https:\/\/www.mendoza.gov.ar\/wp-content\/uploads\/sites\/5\/2017\/09\/IMG_4744-700x466.jpg 700w, https:\/\/www.mendoza.gov.ar\/wp-content\/uploads\/sites\/5\/2017\/09\/IMG_4744-250x167.jpg 250w, https:\/\/www.mendoza.gov.ar\/wp-content\/uploads\/sites\/5\/2017\/09\/IMG_4744-768x512.jpg 768w, https:\/\/www.mendoza.gov.ar\/wp-content\/uploads\/sites\/5\/2017\/09\/IMG_4744-120x80.jpg 120w, https:\/\/www.mendoza.gov.ar\/wp-content\/uploads\/sites\/5\/2017\/09\/IMG_4744.jpg 800w\" sizes=\"(max-width: 700px) 100vw, 700px\" \/><\/a><a data-toggle=\"modal\" data-dismiss=\"modal\" data-target=\"#104246\"><i class=\"text-white fa fa-chevron-right fa-4x\"><\/i><\/a><\/div>\n    <\/div>\n  <\/div>\n<\/div>\n            <br style='clear: both;' \/>\n        <\/div>\n\n<\/div>\n<div dir=\"ltr\"><\/div>\n<\/body><\/html>\n","protected":false},"excerpt":{"rendered":"Est\u00e1 ubicada en Dr. Moreno 450 del mencionado distrito y se concret\u00f3 de forma \u00edntegra por personal propio de la obra social, sin contratar mano de obra de terceros.","protected":false},"author":61,"featured_media":104245,"comment_status":"open","ping_status":"open","sticky":false,"template":"","format":"standard","meta":[],"categories":[30],"tags":[],"_links":{"self":[{"href":"https:\/\/www.mendoza.gov.ar\/prensa\/wp-json\/wp\/v2\/posts\/104244"}],"collection":[{"href":"https:\/\/www.mendoza.gov.ar\/prensa\/wp-json\/wp\/v2\/posts"}],"about":[{"href":"https:\/\/www.mendoza.gov.ar\/prensa\/wp-json\/wp\/v2\/types\/post"}],"author":[{"embeddable":true,"href":"https:\/\/www.mendoza.gov.ar\/prensa\/wp-json\/wp\/v2\/users\/61"}],"replies":[{"embeddable":true,"href":"https:\/\/www.mendoza.gov.ar\/prensa\/wp-json\/wp\/v2\/comments?post=104244"}],"version-history":[{"count":3,"href":"https:\/\/www.mendoza.gov.ar\/prensa\/wp-json\/wp\/v2\/posts\/104244\/revisions"}],"predecessor-version":[{"id":104327,"href":"https:\/\/www.mendoza.gov.ar\/prensa\/wp-json\/wp\/v2\/posts\/104244\/revisions\/104327"}],"wp:featuredmedia":[{"embeddable":true,"href":"https:\/\/www.mendoza.gov.ar\/prensa\/wp-json\/wp\/v2\/media\/104245"}],"wp:attachment":[{"href":"https:\/\/www.mendoza.gov.ar\/prensa\/wp-json\/wp\/v2\/media?parent=104244"}],"wp:term":[{"taxonomy":"category","embeddable":true,"href":"https:\/\/www.mendoza.gov.ar\/prensa\/wp-json\/wp\/v2\/categories?post=104244"},{"taxonomy":"post_tag","embeddable":true,"href":"https:\/\/www.mendoza.gov.ar\/prensa\/wp-json\/wp\/v2\/tags?post=104244"}],"curies":[{"name":"wp","href":"https:\/\/api.w.org\/{rel}","templated":true}]}}