{"id":104432,"date":"2017-09-16T07:20:42","date_gmt":"2017-09-16T10:20:42","guid":{"rendered":"http:\/\/prensa.wp1.mendoza.gov.ar\/?p=104432"},"modified":"2017-09-16T15:38:33","modified_gmt":"2017-09-16T18:38:33","slug":"se-activa-el-hackaton-ambiente-podes-ser-participe","status":"publish","type":"post","link":"https:\/\/www.mendoza.gov.ar\/prensa\/se-activa-el-hackaton-ambiente-podes-ser-participe\/","title":{"rendered":"Se activa el Hackaton Ambiente, pod\u00e9s ser part\u00edcipe"},"content":{"rendered":"<!DOCTYPE html PUBLIC \"-\/\/W3C\/\/DTD HTML 4.0 Transitional\/\/EN\" \"http:\/\/www.w3.org\/TR\/REC-html40\/loose.dtd\">\n<html><body><p>Hackaton Ambiente es una iniciativa impulsada los ministerios nacionales de Ambiente y Desarrollo Sustentable y de Modernizaci&oacute;n junto al Gobierno de Mendoza, con el apoyo de la cartera de Producci&oacute;n de la Naci&oacute;n. El evento se realizar&aacute; 6 y 7 de octubre en el estadio cubierto Vicente Polimeni de Las Heras y ya est&aacute; abierta la inscripci&oacute;n.<\/p>\n<p>Como preparaci&oacute;n para este evento, el mi&eacute;rcoles 20 de septiembre de 9.30 a 12.30 hs, se realizar&aacute; la activaci&oacute;n previa a la marat&oacute;n en la Sala 3 de la Nave Cultural de la ciudad de Mendoza para inspirar, sensibilizar y motivar la participaci&oacute;n. Esta jornada est&aacute; abierta a profesionales, estudiantes, emprendedores, organizaciones de la sociedad civil y empresas.<\/p>\n<p><strong>Los interesados deben inscribirse en el siguiente <\/strong><a href=\"https:\/\/goo.gl\/forms\/QP0P93H0v7LZkPdX2\">enlace de inscripci&oacute;n&nbsp;<\/a>&nbsp;<a href=\"https:\/\/docs.google.com\/forms\/d\/e\/1FAIpQLSc0716lCzGCoo6uCDSrnqkGytBILsWiGbF9KVCGTMdw-SNG6g\/viewform\">https:\/\/docs.google.com\/forms\/d\/e\/1FAIpQLSc0716lCzGCoo6uCDSrnqkGytBILsWiGbF9KVCGTMdw-SNG6g\/viewform<\/a><\/p>\n<p>La activaci&oacute;n contar&aacute; con la participaci&oacute;n el subsecretario de Innovaci&oacute;n P&uacute;blica y Gobierno Abierto del Ministerio de Modernizaci&oacute;n, Rudi Borrmann; el subsecretario de Cambio Clim&aacute;tico y Desarrollo Sustentable, Carlos Gentile; el&nbsp;secretario de Coordinaci&oacute;n Interjurisdiccional del Ministerio de Ambiente y Desarrollo Sustentable, Lucas Figueras; el secretario de Ambiente y Ordenamiento territorial, Humberto Mingorance; el ministro de Gobierno, Trabajo y Justicia Dalmiro Garay y el ministro de Econom&iacute;a, Infraestructura y Energ&iacute;a, Mart&iacute;n&nbsp;Kerchner.<\/p>\n<p>A continuaci&oacute;n los detalles de la Jornada Federal de activaci&oacute;n en Mendoza:<\/p>\n<p><strong>LUGAR<\/strong>: Sala 3 de la Nave Cultural &nbsp;(Av. Espa&ntilde;a y Juan Agust&iacute;n Maza)<br>\n<strong>HORARIO<\/strong>: 9:30h a 12:30h<\/p>\n<p><strong>AGENDA<\/strong>:<\/p>\n<p>09:30 &ndash; Acreditaciones<br>\n10.00 &ndash; Bienvenida y apertura a cargo de las autoridades Nacionales y Provinciales, presentaci&oacute;n HKT a prensa.<br>\n10.50 &ndash; Presentaci&oacute;n de PROESUS por el Ministerio de Ambiente y Desarrollo Sustentable.<br>\n11.00 &ndash; Charla: &ldquo;Emprendiendo con impacto&rdquo; por Greendemia.<br>\n11.20 &ndash; Presentaci&oacute;n de los desaf&iacute;os ambientales del Hackaton + taller de co-creaci&oacute;n.<br>\n12.30 &ndash; Cierre de la actividad .<\/p>\n\n        <style type='text\/css'>\n            #gallery-1 {\n                margin: auto;\n            }\n            #gallery-1 .gallery-item {\n                float: left;\n                margin-top: 10px;\n\n                width: auto;}\n            #gallery-1 img {\n                border: 0px none;\n            }\n            #gallery-1 .gallery-caption {\n                margin-left: 0;\n            }\n        <\/style>\n<script>\njQuery(document).ready(function($) {\n  jQuery('div.gallery-item').hover(function(){\n     \/\/jQuery(this).fadeIn().siblings(':not(.modal)').fadeTo( 'slow' , 0.2);\n     jQuery(this).siblings(':not(.modal)').fadeTo( 'fast' , 0.2);\n     jQuery(this).fadeTo( 'slow' , 1);\n  },function(){\n     \/\/$(this).siblings().andSelf().fadeTo( 'slow' , 1);\n  });\n  jQuery('#gallery-1').on('mouseleave',function(){\n    jQuery('div.gallery-item').fadeTo( 'fast' , 1);\n  })\n});\n<\/script>\n        <!-- see gallery_shortcode() in wp-includes\/media.php -->\n        <h3>GALERIA<\/h3>\n        <div id='gallery-1' class='gallery galleryid-104432'><div class='gallery-item' data-toggle='modal' data-target='#104434' id='r104434'>\n            <dt class='gallery-icon'>\n                <a style='cursor:pointer;'><img width='150' height='150' src='https:\/\/www.mendoza.gov.ar\/wp-content\/uploads\/sites\/5\/2017\/09\/haka-150x150.jpg' class='attachment-thumbnail size-thumbnail' alt='' href=''><\/a>\n             <\/dt><\/div><div class=\"modal fade bs-example-modal-lg\" id=\"104434\" tabindex=\"-1\" role=\"dialog\" aria-labelledby=\"myModalLabel\">\n  <div class=\"modal-dialog modal-lg\" role=\"document\">\n    <div class=\"\">\n      <div class=\"modal-body\" style=\"text-align: center;\"><a href='https:\/\/www.mendoza.gov.ar\/prensa\/se-activa-el-hackaton-ambiente-podes-ser-participe\/haka\/'><img width=\"700\" height=\"606\" src=\"https:\/\/www.mendoza.gov.ar\/wp-content\/uploads\/sites\/5\/2017\/09\/haka-700x606.jpg\" class=\"attachment-large size-large\" alt=\"\" loading=\"lazy\" srcset=\"https:\/\/www.mendoza.gov.ar\/wp-content\/uploads\/sites\/5\/2017\/09\/haka-700x606.jpg 700w, https:\/\/www.mendoza.gov.ar\/wp-content\/uploads\/sites\/5\/2017\/09\/haka-250x217.jpg 250w, https:\/\/www.mendoza.gov.ar\/wp-content\/uploads\/sites\/5\/2017\/09\/haka-768x665.jpg 768w, https:\/\/www.mendoza.gov.ar\/wp-content\/uploads\/sites\/5\/2017\/09\/haka-120x104.jpg 120w, https:\/\/www.mendoza.gov.ar\/wp-content\/uploads\/sites\/5\/2017\/09\/haka.jpg 1772w\" sizes=\"(max-width: 700px) 100vw, 700px\" \/><\/a><a data-toggle=\"modal\" data-dismiss=\"modal\" data-target=\"#104435\"><i class=\"text-white fa fa-chevron-right fa-4x\"><\/i><\/a><\/div>\n    <\/div>\n  <\/div>\n<\/div><div class='gallery-item' data-toggle='modal' data-target='#104435' id='r104435'>\n            <dt class='gallery-icon'>\n                <a style='cursor:pointer;'><img width='150' height='150' src='https:\/\/www.mendoza.gov.ar\/wp-content\/uploads\/sites\/5\/2017\/09\/Los-Andes-hackaton-ambiente-01-01-1-150x150.jpg' class='attachment-thumbnail size-thumbnail' alt='' href=''><\/a>\n             <\/dt><\/div><div class=\"modal fade bs-example-modal-lg\" id=\"104435\" tabindex=\"-1\" role=\"dialog\" aria-labelledby=\"myModalLabel\">\n  <div class=\"modal-dialog modal-lg\" role=\"document\">\n    <div class=\"\">\n      <div class=\"modal-body\" style=\"text-align: center;\"><a data-toggle=\"modal\" data-dismiss=\"modal\" data-target=\"#104434\"><i class=\"text-white fa fa-chevron-left fa-4x\"><\/i><\/a><a href='https:\/\/www.mendoza.gov.ar\/prensa\/se-activa-el-hackaton-ambiente-podes-ser-participe\/los-andes-hackaton-ambiente-01-01-1\/'><img width=\"700\" height=\"1364\" src=\"https:\/\/www.mendoza.gov.ar\/wp-content\/uploads\/sites\/5\/2017\/09\/Los-Andes-hackaton-ambiente-01-01-1-700x1364.jpg\" class=\"attachment-large size-large\" alt=\"\" loading=\"lazy\" srcset=\"https:\/\/www.mendoza.gov.ar\/wp-content\/uploads\/sites\/5\/2017\/09\/Los-Andes-hackaton-ambiente-01-01-1-700x1364.jpg 700w, https:\/\/www.mendoza.gov.ar\/wp-content\/uploads\/sites\/5\/2017\/09\/Los-Andes-hackaton-ambiente-01-01-1-250x487.jpg 250w, https:\/\/www.mendoza.gov.ar\/wp-content\/uploads\/sites\/5\/2017\/09\/Los-Andes-hackaton-ambiente-01-01-1-768x1497.jpg 768w, https:\/\/www.mendoza.gov.ar\/wp-content\/uploads\/sites\/5\/2017\/09\/Los-Andes-hackaton-ambiente-01-01-1-120x234.jpg 120w, https:\/\/www.mendoza.gov.ar\/wp-content\/uploads\/sites\/5\/2017\/09\/Los-Andes-hackaton-ambiente-01-01-1.jpg 1547w\" sizes=\"(max-width: 700px) 100vw, 700px\" \/><\/a><a data-toggle=\"modal\" data-dismiss=\"modal\" data-target=\"#104434\"><i class=\"text-white fa fa-chevron-right fa-4x\"><\/i><\/a><\/div>\n    <\/div>\n  <\/div>\n<\/div>\n            <br style='clear: both;' \/>\n        <\/div>\n\n<p><strong>&iquest;Qu&eacute; es el Hackaton Ambiente?<\/strong><\/p>\n<p>Es una iniciativa impulsada Los ministerios nacionales de Ambiente y Desarrollo Sustentable y de Modernizaci&oacute;n junto al Gobierno de Mendoza, con el apoyo de la cartera de Producci&oacute;n de la Naci&oacute;n.<\/p>\n<p>Participar&aacute;n profesionales, estudiantes, emprendedores, organizaciones de la sociedad civil y empresas se reunir&aacute;n, junto con programadores y desarrolladores tecnol&oacute;gicos, para trabajar colaborativamente en la elaboraci&oacute;n de proyectos innovadores sobre cuatro ejes tem&aacute;ticos: <strong>agua, biodiversidad, cambio clim&aacute;tico y residuos<\/strong>.<\/p>\n<p>Como resultado de estas dos jornadas, se seleccionar&aacute;n cinco proyectos que acceder&aacute;n a un proceso de incubaci&oacute;n para transformar las ideas en emprendimientos productivos y sustentables. Los equipos ganadores ser&aacute;n aquellos que hayan realizado propuestas que aporten un impacto ambiental diferencial y positivo.<\/p>\n<p>Los interesados en participar deber&aacute;n inscribirse en: https:\/\/www.argentina.gob.ar\/hackatonambiente<\/p>\n<p>Para recibir m&aacute;s informaci&oacute;n escribir a:&nbsp; innovacionpublica@modernizacion.gob.ar<\/p>\n<\/body><\/html>\n","protected":false},"excerpt":{"rendered":"El mi\u00e9rcoles 20 de septiembre se realizar\u00e1 la activaci\u00f3n previa a la marat\u00f3n en la sala 3 de la Nave Cultural de la ciudad de Mendoza. Esta jornada est\u00e1 abierta a profesionales, estudiantes, emprendedores, organizaciones de la sociedad civil y empresas.","protected":false},"author":78,"featured_media":104433,"comment_status":"open","ping_status":"open","sticky":false,"template":"","format":"standard","meta":[],"categories":[3],"tags":[],"_links":{"self":[{"href":"https:\/\/www.mendoza.gov.ar\/prensa\/wp-json\/wp\/v2\/posts\/104432"}],"collection":[{"href":"https:\/\/www.mendoza.gov.ar\/prensa\/wp-json\/wp\/v2\/posts"}],"about":[{"href":"https:\/\/www.mendoza.gov.ar\/prensa\/wp-json\/wp\/v2\/types\/post"}],"author":[{"embeddable":true,"href":"https:\/\/www.mendoza.gov.ar\/prensa\/wp-json\/wp\/v2\/users\/78"}],"replies":[{"embeddable":true,"href":"https:\/\/www.mendoza.gov.ar\/prensa\/wp-json\/wp\/v2\/comments?post=104432"}],"version-history":[{"count":2,"href":"https:\/\/www.mendoza.gov.ar\/prensa\/wp-json\/wp\/v2\/posts\/104432\/revisions"}],"predecessor-version":[{"id":104454,"href":"https:\/\/www.mendoza.gov.ar\/prensa\/wp-json\/wp\/v2\/posts\/104432\/revisions\/104454"}],"wp:featuredmedia":[{"embeddable":true,"href":"https:\/\/www.mendoza.gov.ar\/prensa\/wp-json\/wp\/v2\/media\/104433"}],"wp:attachment":[{"href":"https:\/\/www.mendoza.gov.ar\/prensa\/wp-json\/wp\/v2\/media?parent=104432"}],"wp:term":[{"taxonomy":"category","embeddable":true,"href":"https:\/\/www.mendoza.gov.ar\/prensa\/wp-json\/wp\/v2\/categories?post=104432"},{"taxonomy":"post_tag","embeddable":true,"href":"https:\/\/www.mendoza.gov.ar\/prensa\/wp-json\/wp\/v2\/tags?post=104432"}],"curies":[{"name":"wp","href":"https:\/\/api.w.org\/{rel}","templated":true}]}}