{"id":104450,"date":"2017-09-16T15:27:41","date_gmt":"2017-09-16T18:27:41","guid":{"rendered":"http:\/\/prensa.wp1.mendoza.gov.ar\/?p=104450"},"modified":"2017-09-16T15:27:41","modified_gmt":"2017-09-16T18:27:41","slug":"bicitour-en-bicicleta-al-pasado-geologico-de-mendoza-2","status":"publish","type":"post","link":"https:\/\/www.mendoza.gov.ar\/prensa\/bicitour-en-bicicleta-al-pasado-geologico-de-mendoza-2\/","title":{"rendered":"Bicitour: \u201cEn bicicleta al pasado geol\u00f3gico de Mendoza\u201d"},"content":{"rendered":"<!DOCTYPE html PUBLIC \"-\/\/W3C\/\/DTD HTML 4.0 Transitional\/\/EN\" \"http:\/\/www.w3.org\/TR\/REC-html40\/loose.dtd\">\n<html><body><p>La &ldquo;Semana de la Movilidad Sustentable&rdquo; se ha difundido desde Europa a todo el mundo, influyendo en los problemas de movilidad y transporte urbano. Este a&ntilde;o es la 16&ordf; edici&oacute;n que cuenta con la participaci&oacute;n de m&aacute;s de 2.100 ciudades de todos los continentes y con casi 500 acciones de movilidad registradas.<\/p>\n<p>Esta campa&ntilde;a tiene como eslogan internacional &ldquo;Movilidad limpia, inteligente y compartida&rdquo; y su objetivo es sensibilizar sobre el impacto que tiene el transporte en la calidad del aire a nivel local, &nbsp;animando a los ciudadanos a mejorar su salud y bienestar optando por un cambio en sus pautas de movilidad cotidianas. Tambi&eacute;n ofrece la oportunidad de explorar el papel de las calles de la ciudad y experimentar con soluciones pr&aacute;cticas para hacer frente a los desaf&iacute;os urbanos.<\/p>\n<p>Es una excelente oportunidad para que las partes interesadas locales se re&uacute;nan y discutan los diferentes aspectos de la movilidad y la calidad del aire, encuentren soluciones innovadoras para reducir el uso del autom&oacute;vil y por lo tanto las emisiones y probar nuevas tecnolog&iacute;as o medidas de planificaci&oacute;n.<\/p>\n<p>Al respecto, el secretario de Ambiente y Ordenamiento Territorial, Humberto Mingorance, expres&oacute; dijo que &ldquo;es una iniciativa internacional a la que adherimos desde el Gobierno de la Provincia con el objetivo de continuar trabajando sobre nuevos h&aacute;bitos de transporte.&rdquo; Y agreg&oacute;: &ldquo;la refuncionalizaci&oacute;n del Parque General San Mart&iacute;n y el Parque C&iacute;vico donde se est&aacute;n incorporando mejoras en las ciclov&iacute;as, zonas peatonales y accesibilidad y la gesti&oacute;n que se viene llevando a cabo a trav&eacute;s de UNICIPIO con el Proyecto de Unificaci&oacute;n de la Red de Ciclov&iacute;as del &Aacute;rea Metropolitana,&nbsp;entre otros, son claros ejemplos de gesti&oacute;n hacia esta direcci&oacute;n&rdquo;.<\/p>\n<p>En este contexto la Secretar&iacute;a de Ambiente y Ordenamiento Territorial a trav&eacute;s de UNICIPIO y en coordinaci&oacute;n con la Asociaci&oacute;n de Ciclistas Urbanos (ACUM) y Pro Bici, invita a la poblaci&oacute;n a participar del Bicitour &ldquo;En bicicleta al pasado geol&oacute;gico de Mendoza&rdquo;.<\/p>\n<p>El d&iacute;a domingo 17 de septiembre se realizar&aacute; un recorrido guiado en bicicleta de 6,5 Km desde los Portones del Parque Gral. San Mart&iacute;n hasta la Reserva Divisadero Largo, donde se ofrecer&aacute; a los visitantes informaci&oacute;n sobre el &Aacute;rea Natural Protegida invit&aacute;ndolos a recorrer los senderos de la misma.<\/p>\n<p><strong>Punto de encuentro<\/strong>: Rotonda de los Caballitos de Marly<br>\n<strong>Hora<\/strong>: 9.30 am<br>\n<strong>Recorrido<\/strong>: 6,5 Km. (Total ida y vuelta 13 Km.)<br>\n<strong>Dificultad<\/strong>: Moderada<br>\n<strong><em>Se requiere experiencia en pendientes (resistencia y conducci&oacute;n)<\/em><\/strong><\/p>\n<p>Tambi&eacute;n, durante la semana, se prev&eacute; la plantaci&oacute;n de forestales en diferentes tramos de Ciclov&iacute;as que permitan a los ciclistas disfrutar de espacios con sombra donde hacer paradas y recibir los beneficios del arbolado p&uacute;blico en las &eacute;pocas estivales.<\/p>\n<\/body><\/html>\n","protected":false},"excerpt":{"rendered":"En el marco de la \u201cSemana de la Movilidad Sustentable\u201d\u00a0 la Secretar\u00eda de Ambiente y Ordenamiento Territorial invita a participar de un Bicitour a Divisadero Largo. Ser\u00e1 el pr\u00f3ximo domingo 17 de Septiembre a las 9.30 hs.","protected":false},"author":78,"featured_media":104451,"comment_status":"open","ping_status":"open","sticky":false,"template":"","format":"standard","meta":[],"categories":[3],"tags":[],"_links":{"self":[{"href":"https:\/\/www.mendoza.gov.ar\/prensa\/wp-json\/wp\/v2\/posts\/104450"}],"collection":[{"href":"https:\/\/www.mendoza.gov.ar\/prensa\/wp-json\/wp\/v2\/posts"}],"about":[{"href":"https:\/\/www.mendoza.gov.ar\/prensa\/wp-json\/wp\/v2\/types\/post"}],"author":[{"embeddable":true,"href":"https:\/\/www.mendoza.gov.ar\/prensa\/wp-json\/wp\/v2\/users\/78"}],"replies":[{"embeddable":true,"href":"https:\/\/www.mendoza.gov.ar\/prensa\/wp-json\/wp\/v2\/comments?post=104450"}],"version-history":[{"count":2,"href":"https:\/\/www.mendoza.gov.ar\/prensa\/wp-json\/wp\/v2\/posts\/104450\/revisions"}],"predecessor-version":[{"id":104453,"href":"https:\/\/www.mendoza.gov.ar\/prensa\/wp-json\/wp\/v2\/posts\/104450\/revisions\/104453"}],"wp:featuredmedia":[{"embeddable":true,"href":"https:\/\/www.mendoza.gov.ar\/prensa\/wp-json\/wp\/v2\/media\/104451"}],"wp:attachment":[{"href":"https:\/\/www.mendoza.gov.ar\/prensa\/wp-json\/wp\/v2\/media?parent=104450"}],"wp:term":[{"taxonomy":"category","embeddable":true,"href":"https:\/\/www.mendoza.gov.ar\/prensa\/wp-json\/wp\/v2\/categories?post=104450"},{"taxonomy":"post_tag","embeddable":true,"href":"https:\/\/www.mendoza.gov.ar\/prensa\/wp-json\/wp\/v2\/tags?post=104450"}],"curies":[{"name":"wp","href":"https:\/\/api.w.org\/{rel}","templated":true}]}}