{"id":104492,"date":"2017-09-17T16:17:40","date_gmt":"2017-09-17T19:17:40","guid":{"rendered":"http:\/\/prensa.wp1.mendoza.gov.ar\/?p=104492"},"modified":"2017-09-17T16:17:40","modified_gmt":"2017-09-17T19:17:40","slug":"se-dio-inicio-al-desarrollo-del-compromiso-subnacional-de-gobierno-abierto","status":"publish","type":"post","link":"https:\/\/www.mendoza.gov.ar\/prensa\/se-dio-inicio-al-desarrollo-del-compromiso-subnacional-de-gobierno-abierto\/","title":{"rendered":"Se dio inicio al desarrollo del Compromiso Subnacional de Gobierno Abierto"},"content":{"rendered":"<!DOCTYPE html PUBLIC \"-\/\/W3C\/\/DTD HTML 4.0 Transitional\/\/EN\" \"http:\/\/www.w3.org\/TR\/REC-html40\/loose.dtd\">\n<html><body><p>&nbsp;<\/p>\n<p>El &aacute;rea ambiental de la Provincia aporta informaci&oacute;n al programa Gobierno Abierto, favoreciendo la transparencia y el acceso a la informaci&oacute;n por parte de cualquier usuario. Estas acciones se realizan en el marco de la tarea que la Subsecretar&iacute;a de Gesti&oacute;n P&uacute;blica y Modernizaci&oacute;n del Estado desarrolla en conjunto con los municipios, ministerios y secretar&iacute;as del Gobierno provincial.<\/p>\n<p>En este contexto, se dio inicio al desarrollo del Compromiso Subnacional asumido por la Provincia de Mendoza como parte del Tercer Plan de Acci&oacute;n Nacional de Gobierno Abierto &ldquo;Fortalecimiento de las pol&iacute;ticas de apertura de datos en Municipios de la Provincia de Mendoza&rdquo;.<\/p>\n<p>Asistieron al encuentrorepresentantes de Subsecretar&iacute;a de Gesti&oacute;n P&uacute;blica y Modernizaci&oacute;n del Estado , de la Secretar&iacute;a de Ambiente y Ordenamiento Territorial y del Instituto Provincial de Juegos y Casinos por parte del gobierno provincial y autoridades y t&eacute;cnicos de los Municipios de Guaymall&eacute;n, Lavalle, Las Heras y Godoy Cruz.<\/p>\n<p>En la reuni&oacute;n se definieron los lineamientos a seguir y se planificaron las futuras capacitaciones que se realizar&aacute;n en los distintos municipios durante los pr&oacute;ximos meses.<\/p>\n<p>Ingresando al enlace www.datosabiertos.mendoza.gov.ar el ciudadano ya puede acceder a los datos disponibles desde el Gobierno provincial, puntualmente en lo que respecta a Ambiente se puede acceder a datos sobre, calidad del aire y contaminaci&oacute;n sonora, gesti&oacute;n de residuos peligrosos y patog&eacute;nicos, procedimientos de fauna y datos sobre parques y paseos p&uacute;blicos entre otros.<\/p>\n<p>Los datos se actualizar&aacute;n peri&oacute;dicamente y se ir&aacute;n incrementando a medida que se vaya avanzando en la sistematizaci&oacute;n de su carga por parte de cada una de las &aacute;reas de la Secretar&iacute;a.<\/p>\n<p><strong>&iquest;Qu&eacute; es datosabiertos.mendoza.gov.ar?<\/strong><\/p>\n<p>El concepto de Datos Abiertos es entendido como una pr&aacute;ctica basada en la idea de que los datos y la informaci&oacute;n creada por la administraci&oacute;n p&uacute;blica, pertenece a la sociedad.<\/p>\n<p>La iniciativa promueve la transparencia, el acceso a la informaci&oacute;n p&uacute;blica, la competitividad, el desarrollo econ&oacute;mico y la generaci&oacute;n de impacto social a trav&eacute;s de la apertura, la apropiaci&oacute;n, el uso y la reutilizaci&oacute;n de los datos p&uacute;blicos.<\/p>\n<p><strong>Objetivos<\/strong><\/p>\n<p>Promover la oferta, el uso y el aprovechamiento de los datos abiertos en sectores estrat&eacute;gicos para la innovaci&oacute;n en la generaci&oacute;n de soluciones a problemas p&uacute;blicos y sociales.<\/p>\n<p>Fomentar el emprendimiento digital en la provincia a partir de datos abiertos, orientado a la soluci&oacute;n de problem&aacute;ticas de inter&eacute;s p&uacute;blico priorizando el desarrollo de productos y servicios que involucren el uso de datos abiertos y potencien sus modelos de negocio a trav&eacute;s del valor p&uacute;blico que generan las TIC.<\/p>\n<p>Fortalecer el ecosistema de datos abiertos involucrando actores estrat&eacute;gicos de diferentes sectores tales como el acad&eacute;mico, period&iacute;stico, ONGs, industrias y sociedad civil.<\/p>\n<p>Activar la participaci&oacute;n y colaboraci&oacute;n ciudadana.<\/p>\n<p>Desarrollar estrategias de difusi&oacute;n y promoci&oacute;n de la iniciativa con el fin de que la ciudadan&iacute;a tenga una mayor comprensi&oacute;n de los datos abiertos y sus beneficios de uso y aprovechamiento.<\/p>\n<p>Incentivar los ejercicios y herramientas de visualizaci&oacute;n de datos, para con ello acelerar el consumo y entendimiento de los datos.<br>\n<strong>Beneficiarios<\/strong><\/p>\n<p>Los datos abiertos beneficiar&aacute;n a todas aquellas personas que encuentren en ellos no solo una fuente de informaci&oacute;n y transparencia gubernamental sino tambi&eacute;n una herramienta para generar negocios, crear soluciones y en general:<\/p>\n<p>Medios de comunicaci&oacute;n: pueden utilizar informaci&oacute;n oficial para el periodismo de datos y la investigaci&oacute;n.<\/p>\n<p>Sector privado: pueden aportar informaci&oacute;n de gran valor que, junto con los datos abiertos p&uacute;blicos de las entidades p&uacute;blicas, puede generar valor para los ciudadanos y las empresas.<\/p>\n<p>Sector Acad&eacute;mico: puede abrir los datos que son insumo de sus investigaciones, proyectos de grado y generar colaboraci&oacute;n en el entorno investigativo.<\/p>\n<p>Organizaciones de la Sociedad Civil y ONGs: pueden compartir y consumir datos relevantes para sus tareas de gesti&oacute;n del inter&eacute;s p&uacute;blico.<\/p>\n<p>Emprendedores Tic: porque comprenden el valor de la informaci&oacute;n p&uacute;blica pertinente y de calidad para la innovaci&oacute;n y el mejoramiento de la vida en sus aspectos m&aacute;s cotidianos.<\/p>\n<p>Entidades p&uacute;blicas: porque a trav&eacute;s de la publicaci&oacute;n de datos abiertos se acercan a sus usuarios, demuestran su gesti&oacute;n y mejoran sus procesos de atenci&oacute;n al ciudadano. Porque obtienen de forma sencilla y abierta informaci&oacute;n para planear e implementar pol&iacute;ticas p&uacute;blicas de forma integral, a partir de la comprensi&oacute;n de los datos de otras esferas de la acci&oacute;n p&uacute;blica.<\/p>\n<p>Ciudadano inteligente: porque tomamos mejores decisiones con informaci&oacute;n pertinente, precisa y oportuna.<\/p>\n<p>Veedor p&uacute;blico: porque la apertura de la informaci&oacute;n p&uacute;blica facilita la vigilancia conjunta y la colaboraci&oacute;n con la ciudadan&iacute;a en la ejecuci&oacute;n de proyectos y recursos p&uacute;blicos.<\/p>\n<p>&nbsp;<\/p>\n<\/body><\/html>\n","protected":false},"excerpt":{"rendered":"La Secretar\u00eda de Ambiente y Ordenamiento Territorial participa activamente en el Comit\u00e9 de Modernizaci\u00f3n de Estado.","protected":false},"author":78,"featured_media":104493,"comment_status":"open","ping_status":"open","sticky":false,"template":"","format":"standard","meta":[],"categories":[3],"tags":[],"_links":{"self":[{"href":"https:\/\/www.mendoza.gov.ar\/prensa\/wp-json\/wp\/v2\/posts\/104492"}],"collection":[{"href":"https:\/\/www.mendoza.gov.ar\/prensa\/wp-json\/wp\/v2\/posts"}],"about":[{"href":"https:\/\/www.mendoza.gov.ar\/prensa\/wp-json\/wp\/v2\/types\/post"}],"author":[{"embeddable":true,"href":"https:\/\/www.mendoza.gov.ar\/prensa\/wp-json\/wp\/v2\/users\/78"}],"replies":[{"embeddable":true,"href":"https:\/\/www.mendoza.gov.ar\/prensa\/wp-json\/wp\/v2\/comments?post=104492"}],"version-history":[{"count":1,"href":"https:\/\/www.mendoza.gov.ar\/prensa\/wp-json\/wp\/v2\/posts\/104492\/revisions"}],"predecessor-version":[{"id":104494,"href":"https:\/\/www.mendoza.gov.ar\/prensa\/wp-json\/wp\/v2\/posts\/104492\/revisions\/104494"}],"wp:featuredmedia":[{"embeddable":true,"href":"https:\/\/www.mendoza.gov.ar\/prensa\/wp-json\/wp\/v2\/media\/104493"}],"wp:attachment":[{"href":"https:\/\/www.mendoza.gov.ar\/prensa\/wp-json\/wp\/v2\/media?parent=104492"}],"wp:term":[{"taxonomy":"category","embeddable":true,"href":"https:\/\/www.mendoza.gov.ar\/prensa\/wp-json\/wp\/v2\/categories?post=104492"},{"taxonomy":"post_tag","embeddable":true,"href":"https:\/\/www.mendoza.gov.ar\/prensa\/wp-json\/wp\/v2\/tags?post=104492"}],"curies":[{"name":"wp","href":"https:\/\/api.w.org\/{rel}","templated":true}]}}