{"id":104578,"date":"2017-09-18T11:49:11","date_gmt":"2017-09-18T14:49:11","guid":{"rendered":"http:\/\/prensa.wp1.mendoza.gov.ar\/?p=104578"},"modified":"2017-09-18T12:09:42","modified_gmt":"2017-09-18T15:09:42","slug":"ambiente-realizo-el-1er-relevamiento-provincial-de-cardenal-amarillo","status":"publish","type":"post","link":"https:\/\/www.mendoza.gov.ar\/prensa\/ambiente-realizo-el-1er-relevamiento-provincial-de-cardenal-amarillo\/","title":{"rendered":"Ambiente realiz\u00f3 el Primer Relevamiento Provincial de Cardenal Amarillo"},"content":{"rendered":"<!DOCTYPE html PUBLIC \"-\/\/W3C\/\/DTD HTML 4.0 Transitional\/\/EN\" \"http:\/\/www.w3.org\/TR\/REC-html40\/loose.dtd\">\n<html><body><p>La Direcci&oacute;n de Recursos Naturales Renovables, a trav&eacute;s del Departamento de Fauna, llev&oacute; a cabo en la zona Este de la provincia un estudio para identificar poblaciones aut&oacute;ctonas de cardenal amarillo (<em>Gubernatrix cristata<\/em>). Es la primera investigaci&oacute;n en su tipo dentro del territorio provincial.<\/p>\n<p>El cardenal amarillo se encuentra categorizado por la Uni&oacute;n Internacional para la Conservaci&oacute;n de la Naturaleza (UICN) en Peligro de Extinci&oacute;n. Por ello, ha sido incluido dentro del programa Nacional de Conservaci&oacute;n que lanz&oacute; el Ministerio de Ambiente y Desarrollo Sustentable de la Naci&oacute;n, denominado &ldquo;Plan de Acci&oacute;n Extinci&oacute;n Cero.&rdquo;<\/p>\n<p>A mediados de agosto, nuestra provincia particip&oacute; junto a Santa Fe, Corrientes, Entre R&iacute;os, La Pampa, R&iacute;o Negro y Buenos Aires, con instituciones como Aves Argentinas y Temaik&eacute;n, en el III Taller Nacional para la Conservaci&oacute;n del Cardenal Amarillo. Fue organizado por la Direcci&oacute;n Nacional de Fauna, con el objetivo de discutir estrategias para promover la conservaci&oacute;n de esta especie en la Argentina.<\/p>\n<p>Dentro del marco de este taller, Mendoza present&oacute; informaci&oacute;n sobre la existencia de poblaciones de esta especie, las cuales se desconoc&iacute;an y por ello quedaban excluidas de las estrategias de conservaci&oacute;n de la especie. De ah&iacute; surgi&oacute; la prioridad de realizar este relevamiento con una metodolog&iacute;a de estudio estandarizada que le d&eacute; rigor cient&iacute;fico a esta informaci&oacute;n para ampliar el &aacute;rea de distribuci&oacute;n de esta especie en Argentina.<\/p>\n<p>Dada la importancia de relevar esta informaci&oacute;n, se convoc&oacute; a Aves Argentinas, que organiza el II Relevamiento de Cardenal Amarillo en la Argentina, a ornit&oacute;logos miembros del Conicet y a personal t&eacute;cnico del &Aacute;rena Natural Protegida Villavicencio y a la Fundaci&oacute;n Villavicencio, bajo la coordinaci&oacute;n del Departamento de Fauna Silvestre de la Direcci&oacute;n de Recursos Naturales Renovables.<\/p>\n<p><img loading=\"lazy\" width=\"250\" height=\"198\" class=\"alignnone size-medium wp-image-104580 img-responsive center-block\" src=\"https:\/\/www.mendoza.gov.ar\/prensa\/wp-content\/uploads\/sites\/5\/2017\/09\/IMG-20170914-WA0027-250x198.jpg\" alt=\"\" srcset=\"https:\/\/www.mendoza.gov.ar\/wp-content\/uploads\/sites\/5\/2017\/09\/IMG-20170914-WA0027-250x198.jpg 250w, https:\/\/www.mendoza.gov.ar\/wp-content\/uploads\/sites\/5\/2017\/09\/IMG-20170914-WA0027-768x608.jpg 768w, https:\/\/www.mendoza.gov.ar\/wp-content\/uploads\/sites\/5\/2017\/09\/IMG-20170914-WA0027-700x554.jpg 700w, https:\/\/www.mendoza.gov.ar\/wp-content\/uploads\/sites\/5\/2017\/09\/IMG-20170914-WA0027-120x95.jpg 120w, https:\/\/www.mendoza.gov.ar\/wp-content\/uploads\/sites\/5\/2017\/09\/IMG-20170914-WA0027.jpg 889w\" sizes=\"(max-width: 250px) 100vw, 250px\"><\/p>\n<\/body><\/html>\n","protected":false},"excerpt":{"rendered":"Esta especie, de alto valor biol\u00f3gico, est\u00e1 en peligro de extinci\u00f3n.","protected":false},"author":61,"featured_media":104579,"comment_status":"open","ping_status":"open","sticky":false,"template":"","format":"standard","meta":[],"categories":[3],"tags":[],"_links":{"self":[{"href":"https:\/\/www.mendoza.gov.ar\/prensa\/wp-json\/wp\/v2\/posts\/104578"}],"collection":[{"href":"https:\/\/www.mendoza.gov.ar\/prensa\/wp-json\/wp\/v2\/posts"}],"about":[{"href":"https:\/\/www.mendoza.gov.ar\/prensa\/wp-json\/wp\/v2\/types\/post"}],"author":[{"embeddable":true,"href":"https:\/\/www.mendoza.gov.ar\/prensa\/wp-json\/wp\/v2\/users\/61"}],"replies":[{"embeddable":true,"href":"https:\/\/www.mendoza.gov.ar\/prensa\/wp-json\/wp\/v2\/comments?post=104578"}],"version-history":[{"count":3,"href":"https:\/\/www.mendoza.gov.ar\/prensa\/wp-json\/wp\/v2\/posts\/104578\/revisions"}],"predecessor-version":[{"id":104613,"href":"https:\/\/www.mendoza.gov.ar\/prensa\/wp-json\/wp\/v2\/posts\/104578\/revisions\/104613"}],"wp:featuredmedia":[{"embeddable":true,"href":"https:\/\/www.mendoza.gov.ar\/prensa\/wp-json\/wp\/v2\/media\/104579"}],"wp:attachment":[{"href":"https:\/\/www.mendoza.gov.ar\/prensa\/wp-json\/wp\/v2\/media?parent=104578"}],"wp:term":[{"taxonomy":"category","embeddable":true,"href":"https:\/\/www.mendoza.gov.ar\/prensa\/wp-json\/wp\/v2\/categories?post=104578"},{"taxonomy":"post_tag","embeddable":true,"href":"https:\/\/www.mendoza.gov.ar\/prensa\/wp-json\/wp\/v2\/tags?post=104578"}],"curies":[{"name":"wp","href":"https:\/\/api.w.org\/{rel}","templated":true}]}}