{"id":104617,"date":"2017-09-18T12:33:28","date_gmt":"2017-09-18T15:33:28","guid":{"rendered":"http:\/\/prensa.wp1.mendoza.gov.ar\/?p=104617"},"modified":"2017-09-19T08:50:00","modified_gmt":"2017-09-19T11:50:00","slug":"transporte-publico-desvios-en-calle-montevideo-durante-el-proximo-miercoles","status":"publish","type":"post","link":"https:\/\/www.mendoza.gov.ar\/prensa\/transporte-publico-desvios-en-calle-montevideo-durante-el-proximo-miercoles\/","title":{"rendered":"Transporte p\u00fablico: desv\u00edos en calle Montevideo durante el pr\u00f3ximo mi\u00e9rcoles"},"content":{"rendered":"<!DOCTYPE html PUBLIC \"-\/\/W3C\/\/DTD HTML 4.0 Transitional\/\/EN\" \"http:\/\/www.w3.org\/TR\/REC-html40\/loose.dtd\">\n<html><body><p>El pr&oacute;ximo mi&eacute;rcoles 20, la empresa Aguas Mendocinas realizar&aacute; trabajos de reparaci&oacute;n en calle Montevideo, entre Av. San Mart&iacute;n y 9 de Julio de Ciudad, por lo que el transporte p&uacute;blico que circula por la zona desviar&aacute; su recorrido de 14 a 18.<\/p>\n<p>Los servicios afectados son:<\/p>\n<ul>\n<li><strong>Grupo 2. Todas las l&iacute;neas.<\/strong><\/li>\n<\/ul>\n<p>Desde el control hacia el centro circular&aacute;n por Alem, Rioja, Vicente Zapata, Col&oacute;n, Espa&ntilde;a, Montevideo.<\/p>\n<ul>\n<li><strong>Grupo 3.&nbsp;<\/strong><strong>L&iacute;neas 114\/115 y 111\/113.<\/strong>\n<p>Control &ndash; Centro &ndash; Control circular&aacute;n por Rioja, Vicente Zapata, Col&oacute;n.<\/p>\n<p><strong>L&iacute;nea 112.<\/strong><\/p>\n<p>Control &ndash; Centro &ndash; Control, por Alem, Rioja, Vicente Zapata, Col&oacute;n, Espa&ntilde;a, Montevideo.<\/p><\/li>\n<li><strong>Grupo 5. L&iacute;neas 51, 52, 53, 54, 55 y 56.<\/strong>Control &ndash; Centro &ndash; Control tomar&aacute;n por Alem, Rioja, Vicente Zapata, Col&oacute;n, Espa&ntilde;a, Montevideo.<\/li>\n<li><strong>Grupo 6. L&iacute;neas 64, 66 y 67.<\/strong>Control &ndash; Zona &ndash; Control circular&aacute;n por Rioja, Vicente Zapata, Col&oacute;n, Espa&ntilde;a y Montevideo.<\/li>\n<li><strong>Grupo 8.&nbsp;<\/strong><strong>L&iacute;nea 101.<\/strong>\n<p>Control &ndash; Centro &ndash; Control tomar&aacute; por Alem, Rioja, Vicente Zapata, Col&oacute;n, 9 de Julio.<\/p>\n<p><strong>L&iacute;nea 103<\/strong><\/p>\n<p>Control &ndash; Centro &ndash; Control ir&aacute; por Alem, Rioja, Vicente Zapata, Col&oacute;n, Espa&ntilde;a, Montevideo.<\/p><\/li>\n<li><strong>Grupo 12. L&iacute;nea Villa Nueva.<\/strong><\/li>\n<\/ul>\n<p>Tomar&aacute; Alem, Rioja, Vicente Zapata, Col&oacute;n, Espa&ntilde;a.<\/p>\n<\/body><\/html>\n","protected":false},"excerpt":{"rendered":"Se interrumpir\u00e1 el tr\u00e1nsito en esa arteria desde Av. San Mart\u00edn a 9 de Julio debido a trabajos de reparaci\u00f3n de Aguas Mendocinas.","protected":false},"author":61,"featured_media":104618,"comment_status":"open","ping_status":"open","sticky":false,"template":"","format":"standard","meta":[],"categories":[34],"tags":[],"_links":{"self":[{"href":"https:\/\/www.mendoza.gov.ar\/prensa\/wp-json\/wp\/v2\/posts\/104617"}],"collection":[{"href":"https:\/\/www.mendoza.gov.ar\/prensa\/wp-json\/wp\/v2\/posts"}],"about":[{"href":"https:\/\/www.mendoza.gov.ar\/prensa\/wp-json\/wp\/v2\/types\/post"}],"author":[{"embeddable":true,"href":"https:\/\/www.mendoza.gov.ar\/prensa\/wp-json\/wp\/v2\/users\/61"}],"replies":[{"embeddable":true,"href":"https:\/\/www.mendoza.gov.ar\/prensa\/wp-json\/wp\/v2\/comments?post=104617"}],"version-history":[{"count":2,"href":"https:\/\/www.mendoza.gov.ar\/prensa\/wp-json\/wp\/v2\/posts\/104617\/revisions"}],"predecessor-version":[{"id":104739,"href":"https:\/\/www.mendoza.gov.ar\/prensa\/wp-json\/wp\/v2\/posts\/104617\/revisions\/104739"}],"wp:featuredmedia":[{"embeddable":true,"href":"https:\/\/www.mendoza.gov.ar\/prensa\/wp-json\/wp\/v2\/media\/104618"}],"wp:attachment":[{"href":"https:\/\/www.mendoza.gov.ar\/prensa\/wp-json\/wp\/v2\/media?parent=104617"}],"wp:term":[{"taxonomy":"category","embeddable":true,"href":"https:\/\/www.mendoza.gov.ar\/prensa\/wp-json\/wp\/v2\/categories?post=104617"},{"taxonomy":"post_tag","embeddable":true,"href":"https:\/\/www.mendoza.gov.ar\/prensa\/wp-json\/wp\/v2\/tags?post=104617"}],"curies":[{"name":"wp","href":"https:\/\/api.w.org\/{rel}","templated":true}]}}