{"id":104802,"date":"2017-09-19T12:50:17","date_gmt":"2017-09-19T15:50:17","guid":{"rendered":"http:\/\/prensa.wp1.mendoza.gov.ar\/?p=104802"},"modified":"2017-09-19T19:23:01","modified_gmt":"2017-09-19T22:23:01","slug":"recursos-naturales-reinserto-mas-de-30-siete-cuchillos-en-su-habitat","status":"publish","type":"post","link":"https:\/\/www.mendoza.gov.ar\/prensa\/recursos-naturales-reinserto-mas-de-30-siete-cuchillos-en-su-habitat\/","title":{"rendered":"Recursos Naturales reinsert\u00f3 m\u00e1s de 30 siete cuchillos en su h\u00e1bitat"},"content":{"rendered":"<!DOCTYPE html PUBLIC \"-\/\/W3C\/\/DTD HTML 4.0 Transitional\/\/EN\" \"http:\/\/www.w3.org\/TR\/REC-html40\/loose.dtd\">\n<html><body><p>La Secretar&iacute;a de Ambiente y Ordenamiento Territorial, a trav&eacute;s de la Direcci&oacute;n de Recursos Naturales Renovables, liber&oacute; un grupo de siete cuchillos <em>(Saltator aurantiirostris) <\/em>en el departamento de Lavalle.<\/p>\n<p><img loading=\"lazy\" width=\"250\" height=\"119\" class=\"alignnone size-medium wp-image-104804 img-responsive center-block\" src=\"https:\/\/www.mendoza.gov.ar\/prensa\/wp-content\/uploads\/sites\/5\/2017\/09\/IMG-20170904-WA0067-250x119.jpg\" alt=\"\" srcset=\"https:\/\/www.mendoza.gov.ar\/wp-content\/uploads\/sites\/5\/2017\/09\/IMG-20170904-WA0067-250x119.jpg 250w, https:\/\/www.mendoza.gov.ar\/wp-content\/uploads\/sites\/5\/2017\/09\/IMG-20170904-WA0067-768x366.jpg 768w, https:\/\/www.mendoza.gov.ar\/wp-content\/uploads\/sites\/5\/2017\/09\/IMG-20170904-WA0067-700x334.jpg 700w, https:\/\/www.mendoza.gov.ar\/wp-content\/uploads\/sites\/5\/2017\/09\/IMG-20170904-WA0067-120x57.jpg 120w, https:\/\/www.mendoza.gov.ar\/wp-content\/uploads\/sites\/5\/2017\/09\/IMG-20170904-WA0067.jpg 1280w\" sizes=\"(max-width: 250px) 100vw, 250px\"><\/p>\n<p>Las aves fueron v&iacute;ctimas del tr&aacute;fico, comercio y tenencia ilegal. Los rescates se realizaron con personal del Departamento de Fauna y Polic&iacute;a Rural de la provincia, en operativos, controles de ruta y allanamientos.<\/p>\n<p>La fauna silvestre de la provincia de Mendoza est&aacute; protegida y por lo tanto su tenencia es ilegal, seg&uacute;n la Ley Nacional de Fauna 22421, la Ley Provincial de adhesi&oacute;n 4602, su modificatoria 7308 y el Decreto Reglamentario 1890\/05.<\/p>\n<p>Quienes deseen brindar informaci&oacute;n sobre ejemplares de fauna silvestre heridos o denunciar casos de caza o tenencia ilegal pueden hacerlo a trav&eacute;s del portal de denuncia en el sitio de internet de ambiente: www.mendoza.gov.ar\/ambiente.<\/p>\n<p><img loading=\"lazy\" width=\"250\" height=\"168\" class=\"alignnone size-medium wp-image-104803 img-responsive center-block\" src=\"https:\/\/www.mendoza.gov.ar\/prensa\/wp-content\/uploads\/sites\/5\/2017\/09\/IMG-20170904-WA0068-250x168.jpg\" alt=\"\" srcset=\"https:\/\/www.mendoza.gov.ar\/wp-content\/uploads\/sites\/5\/2017\/09\/IMG-20170904-WA0068-250x168.jpg 250w, https:\/\/www.mendoza.gov.ar\/wp-content\/uploads\/sites\/5\/2017\/09\/IMG-20170904-WA0068-768x515.jpg 768w, https:\/\/www.mendoza.gov.ar\/wp-content\/uploads\/sites\/5\/2017\/09\/IMG-20170904-WA0068-700x470.jpg 700w, https:\/\/www.mendoza.gov.ar\/wp-content\/uploads\/sites\/5\/2017\/09\/IMG-20170904-WA0068-120x81.jpg 120w, https:\/\/www.mendoza.gov.ar\/wp-content\/uploads\/sites\/5\/2017\/09\/IMG-20170904-WA0068.jpg 1280w\" sizes=\"(max-width: 250px) 100vw, 250px\"><\/p>\n<p>Tambi&eacute;n, comunicarse a la Direcci&oacute;n de Recursos Naturales Renovables a los tel&eacute;fonos 4252090 y 4257065, de 8 a 13, de lunes a viernes o al 911 (Polic&iacute;a de Seguridad Rural de Mendoza).<\/p>\n<\/body><\/html>\n","protected":false},"excerpt":{"rendered":"Las aves fueron recuperadas por el Departamento de Fauna y rehabilitadas en la Reserva YPF.","protected":false},"author":61,"featured_media":104805,"comment_status":"open","ping_status":"open","sticky":false,"template":"","format":"standard","meta":[],"categories":[3],"tags":[],"_links":{"self":[{"href":"https:\/\/www.mendoza.gov.ar\/prensa\/wp-json\/wp\/v2\/posts\/104802"}],"collection":[{"href":"https:\/\/www.mendoza.gov.ar\/prensa\/wp-json\/wp\/v2\/posts"}],"about":[{"href":"https:\/\/www.mendoza.gov.ar\/prensa\/wp-json\/wp\/v2\/types\/post"}],"author":[{"embeddable":true,"href":"https:\/\/www.mendoza.gov.ar\/prensa\/wp-json\/wp\/v2\/users\/61"}],"replies":[{"embeddable":true,"href":"https:\/\/www.mendoza.gov.ar\/prensa\/wp-json\/wp\/v2\/comments?post=104802"}],"version-history":[{"count":2,"href":"https:\/\/www.mendoza.gov.ar\/prensa\/wp-json\/wp\/v2\/posts\/104802\/revisions"}],"predecessor-version":[{"id":104911,"href":"https:\/\/www.mendoza.gov.ar\/prensa\/wp-json\/wp\/v2\/posts\/104802\/revisions\/104911"}],"wp:featuredmedia":[{"embeddable":true,"href":"https:\/\/www.mendoza.gov.ar\/prensa\/wp-json\/wp\/v2\/media\/104805"}],"wp:attachment":[{"href":"https:\/\/www.mendoza.gov.ar\/prensa\/wp-json\/wp\/v2\/media?parent=104802"}],"wp:term":[{"taxonomy":"category","embeddable":true,"href":"https:\/\/www.mendoza.gov.ar\/prensa\/wp-json\/wp\/v2\/categories?post=104802"},{"taxonomy":"post_tag","embeddable":true,"href":"https:\/\/www.mendoza.gov.ar\/prensa\/wp-json\/wp\/v2\/tags?post=104802"}],"curies":[{"name":"wp","href":"https:\/\/api.w.org\/{rel}","templated":true}]}}