{"id":104883,"date":"2017-09-19T17:30:50","date_gmt":"2017-09-19T20:30:50","guid":{"rendered":"http:\/\/prensa.wp1.mendoza.gov.ar\/?p=104883"},"modified":"2017-09-20T10:43:40","modified_gmt":"2017-09-20T13:43:40","slug":"osep-la-paz-se-suma-a-la-red-de-laboratorios","status":"publish","type":"post","link":"https:\/\/www.mendoza.gov.ar\/prensa\/osep-la-paz-se-suma-a-la-red-de-laboratorios\/","title":{"rendered":"OSEP La Paz se suma a la Red de Laboratorios"},"content":{"rendered":"<!DOCTYPE html PUBLIC \"-\/\/W3C\/\/DTD HTML 4.0 Transitional\/\/EN\" \"http:\/\/www.w3.org\/TR\/REC-html40\/loose.dtd\">\n<html><body><p>El lunes 25 de setiembre, la Obra Social de Empleados P&uacute;blicos (OSEP)&nbsp; inaugurar&aacute; el Laboratorio de An&aacute;lisis Cl&iacute;nicos en su sede de La Paz. El acto se realizar&aacute; a las 12 en Galigniana y Buenos Aires de ese departamento.<\/p>\n<p>No s&oacute;lo se trata de sumar un espacio sino tambi&eacute;n tecnolog&iacute;a de &uacute;ltima generaci&oacute;n para resolver la anal&iacute;tica de primer nivel para que los afiliados tengan una respuesta cerca de su lugar de residencia. Se ha planificado adem&aacute;s un sistema de log&iacute;stica y transporte que permite que las muestras lleguen lo m&aacute;s pronto posible a los centros de procesamiento y derivar la alta complejidad al laboratorio central.<\/p>\n<p>A trav&eacute;s de este esfuerzo se logra incorporar m&aacute;s sedes a la Red de Laboratorios de la obra social, con el objetivo de brindar atenci&oacute;n bioqu&iacute;mica de forma m&aacute;s eficiente a todos los afiliados en el territorio provincial.<\/p>\n<p>Sin embargo, la apuesta va m&aacute;s all&aacute;, ya que pronto todos los laboratorios de OSEP estar&aacute;n interconectados por un sistema de gesti&oacute;n que permitir&aacute; disponer de los resultados en l&iacute;nea en las cabeceras de cada centro de extracci&oacute;n. Con posterioridad, esta forma de trabajo posibilitar&aacute; tambi&eacute;n el ingreso del afiliado a la red para descargar e imprimir los resultados de sus an&aacute;lisis.<\/p>\n<\/body><\/html>\n","protected":false},"excerpt":{"rendered":"Se trata de tecnolog\u00eda de \u00faltima generaci\u00f3n para resolver la anal\u00edtica de primer nivel para que los afiliados tengan una respuesta cerca de su lugar de residencia.","protected":false},"author":63,"featured_media":104884,"comment_status":"open","ping_status":"open","sticky":false,"template":"","format":"standard","meta":[],"categories":[30],"tags":[],"_links":{"self":[{"href":"https:\/\/www.mendoza.gov.ar\/prensa\/wp-json\/wp\/v2\/posts\/104883"}],"collection":[{"href":"https:\/\/www.mendoza.gov.ar\/prensa\/wp-json\/wp\/v2\/posts"}],"about":[{"href":"https:\/\/www.mendoza.gov.ar\/prensa\/wp-json\/wp\/v2\/types\/post"}],"author":[{"embeddable":true,"href":"https:\/\/www.mendoza.gov.ar\/prensa\/wp-json\/wp\/v2\/users\/63"}],"replies":[{"embeddable":true,"href":"https:\/\/www.mendoza.gov.ar\/prensa\/wp-json\/wp\/v2\/comments?post=104883"}],"version-history":[{"count":5,"href":"https:\/\/www.mendoza.gov.ar\/prensa\/wp-json\/wp\/v2\/posts\/104883\/revisions"}],"predecessor-version":[{"id":105004,"href":"https:\/\/www.mendoza.gov.ar\/prensa\/wp-json\/wp\/v2\/posts\/104883\/revisions\/105004"}],"wp:featuredmedia":[{"embeddable":true,"href":"https:\/\/www.mendoza.gov.ar\/prensa\/wp-json\/wp\/v2\/media\/104884"}],"wp:attachment":[{"href":"https:\/\/www.mendoza.gov.ar\/prensa\/wp-json\/wp\/v2\/media?parent=104883"}],"wp:term":[{"taxonomy":"category","embeddable":true,"href":"https:\/\/www.mendoza.gov.ar\/prensa\/wp-json\/wp\/v2\/categories?post=104883"},{"taxonomy":"post_tag","embeddable":true,"href":"https:\/\/www.mendoza.gov.ar\/prensa\/wp-json\/wp\/v2\/tags?post=104883"}],"curies":[{"name":"wp","href":"https:\/\/api.w.org\/{rel}","templated":true}]}}