{"id":105167,"date":"2017-09-20T19:00:13","date_gmt":"2017-09-20T22:00:13","guid":{"rendered":"http:\/\/prensa.wp1.mendoza.gov.ar\/?p=105167"},"modified":"2017-09-21T09:33:19","modified_gmt":"2017-09-21T12:33:19","slug":"osep-suma-tecnologia-a-la-red-de-laboratorios-en-maipu","status":"publish","type":"post","link":"https:\/\/www.mendoza.gov.ar\/prensa\/osep-suma-tecnologia-a-la-red-de-laboratorios-en-maipu\/","title":{"rendered":"OSEP suma tecnolog\u00eda a la Red de Laboratorios en Maip\u00fa"},"content":{"rendered":"<!DOCTYPE html PUBLIC \"-\/\/W3C\/\/DTD HTML 4.0 Transitional\/\/EN\" \"http:\/\/www.w3.org\/TR\/REC-html40\/loose.dtd\">\n<html><body><p>La Obra Social de los Empleados P&uacute;blicos (OSEP) contin&uacute;a sumando tecnolog&iacute;a de &uacute;ltima generaci&oacute;n, que permitir&aacute; resolver la anal&iacute;tica de primer nivel y de esta manera los afiliados tengan respuesta cerca de su lugar de residencia.<\/p>\n<p>El sistema de log&iacute;stica y transporte de la Red de Laboratorios permite que las muestras lleguen m&aacute;s r&aacute;pido a los distintos centros de procesamiento y as&iacute; derivar casos de alta complejidad al Laboratorio Central.<\/p>\n<p>A trav&eacute;s de esta iniciativa, la Red de Laboratorios brindar&aacute; atenci&oacute;n bioqu&iacute;mica de forma m&aacute;s eficiente a todos los afiliados de Maip&uacute;. Sin embargo, este es el primer paso, en algunos d&iacute;as todos los laboratorios de OSEP estar&aacute;n interconectados por un sistema de gesti&oacute;n que permitir&aacute; disponer de los resultados en l&iacute;nea en las cabeceras de cada centro de extracci&oacute;n. De esta forma, pronto el afiliado tendr&aacute; la posibilidad de ingresar a la red para descargar e imprimir los resultados de sus an&aacute;lisis.<\/p>\n<p>&nbsp;<\/p>\n<\/body><\/html>\n","protected":false},"excerpt":{"rendered":"El pr\u00f3ximo martes comenzar\u00e1 a funcionar un nuevo autoanalizador para determinaci\u00f3n de bioqu\u00edmica cl\u00ednica en la sede del departamento. El acto se realizar\u00e1 el martes a las 12 en Ozamis 211.\u00a0\r\n\r\n","protected":false},"author":68,"featured_media":105168,"comment_status":"open","ping_status":"open","sticky":false,"template":"","format":"standard","meta":[],"categories":[30],"tags":[],"_links":{"self":[{"href":"https:\/\/www.mendoza.gov.ar\/prensa\/wp-json\/wp\/v2\/posts\/105167"}],"collection":[{"href":"https:\/\/www.mendoza.gov.ar\/prensa\/wp-json\/wp\/v2\/posts"}],"about":[{"href":"https:\/\/www.mendoza.gov.ar\/prensa\/wp-json\/wp\/v2\/types\/post"}],"author":[{"embeddable":true,"href":"https:\/\/www.mendoza.gov.ar\/prensa\/wp-json\/wp\/v2\/users\/68"}],"replies":[{"embeddable":true,"href":"https:\/\/www.mendoza.gov.ar\/prensa\/wp-json\/wp\/v2\/comments?post=105167"}],"version-history":[{"count":3,"href":"https:\/\/www.mendoza.gov.ar\/prensa\/wp-json\/wp\/v2\/posts\/105167\/revisions"}],"predecessor-version":[{"id":105238,"href":"https:\/\/www.mendoza.gov.ar\/prensa\/wp-json\/wp\/v2\/posts\/105167\/revisions\/105238"}],"wp:featuredmedia":[{"embeddable":true,"href":"https:\/\/www.mendoza.gov.ar\/prensa\/wp-json\/wp\/v2\/media\/105168"}],"wp:attachment":[{"href":"https:\/\/www.mendoza.gov.ar\/prensa\/wp-json\/wp\/v2\/media?parent=105167"}],"wp:term":[{"taxonomy":"category","embeddable":true,"href":"https:\/\/www.mendoza.gov.ar\/prensa\/wp-json\/wp\/v2\/categories?post=105167"},{"taxonomy":"post_tag","embeddable":true,"href":"https:\/\/www.mendoza.gov.ar\/prensa\/wp-json\/wp\/v2\/tags?post=105167"}],"curies":[{"name":"wp","href":"https:\/\/api.w.org\/{rel}","templated":true}]}}