{"id":105223,"date":"2017-09-21T08:43:37","date_gmt":"2017-09-21T11:43:37","guid":{"rendered":"http:\/\/prensa.wp1.mendoza.gov.ar\/?p=105223"},"modified":"2017-09-21T09:47:45","modified_gmt":"2017-09-21T12:47:45","slug":"el-consejo-provincial-de-ordenamiento-territorial-se-reunira-en-la-enoteca","status":"publish","type":"post","link":"https:\/\/www.mendoza.gov.ar\/prensa\/el-consejo-provincial-de-ordenamiento-territorial-se-reunira-en-la-enoteca\/","title":{"rendered":"El Consejo Provincial de Ordenamiento Territorial se reunir\u00e1 en La Enoteca"},"content":{"rendered":"<!DOCTYPE html PUBLIC \"-\/\/W3C\/\/DTD HTML 4.0 Transitional\/\/EN\" \"http:\/\/www.w3.org\/TR\/REC-html40\/loose.dtd\">\n<html><body><p>El viernes 22, a partir de las 11, m&aacute;s de 60 representantes de las instituciones que conforman el Consejo Provincial de Ordenamiento Territorial se reunir&aacute;n nuevamente para continuar con los lineamientos propuestos por el Plan Provincial de Ordenamiento Territorial, aprobado recientemente en la Legislatura de Mendoza. El encuentro se desarrollar&aacute; en La Enoteca, Peltier 611, Ciudad de Mendoza.<\/p>\n<p>Este grupo interdisciplinario re&uacute;ne a actores de distintos &aacute;mbitos de la provincia, como los municipios, entidades educativas, sector cient&iacute;fico, sectores comerciales, instituciones gubernamentales y ministerios del ejecutivo.<\/p>\n<p>Las medidas de mitigaci&oacute;n y adaptaci&oacute;n al cambio clim&aacute;tico, la coordinaci&oacute;n y capacitaci&oacute;n a los municipios para la ejecuci&oacute;n del Plan Provincial de Ordenamiento Territorial y la presentaci&oacute;n de la Comisi&oacute;n para Tierras Secas ser&aacute;n algunos de los temas que se abordar&aacute;n en la XX Sesi&oacute;n del Consejo Provincial de Ordenamiento Territorial.<\/p>\n\n        <style type='text\/css'>\n            #gallery-1 {\n                margin: auto;\n            }\n            #gallery-1 .gallery-item {\n                float: left;\n                margin-top: 10px;\n\n                width: auto;}\n            #gallery-1 img {\n                border: 0px none;\n            }\n            #gallery-1 .gallery-caption {\n                margin-left: 0;\n            }\n        <\/style>\n<script>\njQuery(document).ready(function($) {\n  jQuery('div.gallery-item').hover(function(){\n     \/\/jQuery(this).fadeIn().siblings(':not(.modal)').fadeTo( 'slow' , 0.2);\n     jQuery(this).siblings(':not(.modal)').fadeTo( 'fast' , 0.2);\n     jQuery(this).fadeTo( 'slow' , 1);\n  },function(){\n     \/\/$(this).siblings().andSelf().fadeTo( 'slow' , 1);\n  });\n  jQuery('#gallery-1').on('mouseleave',function(){\n    jQuery('div.gallery-item').fadeTo( 'fast' , 1);\n  })\n});\n<\/script>\n        <!-- see gallery_shortcode() in wp-includes\/media.php -->\n        <h3>GALERIA<\/h3>\n        <div id='gallery-1' class='gallery galleryid-105223'><div class='gallery-item' data-toggle='modal' data-target='#105224' id='r105224'>\n            <dt class='gallery-icon'>\n                <a style='cursor:pointer;'><img width='150' height='150' src='https:\/\/www.mendoza.gov.ar\/wp-content\/uploads\/sites\/5\/2017\/09\/cpot_22_09-01-01-150x150.jpg' class='attachment-thumbnail size-thumbnail' alt='' href=''><\/a>\n             <\/dt><\/div><div class=\"modal fade bs-example-modal-lg\" id=\"105224\" tabindex=\"-1\" role=\"dialog\" aria-labelledby=\"myModalLabel\">\n  <div class=\"modal-dialog modal-lg\" role=\"document\">\n    <div class=\"\">\n      <div class=\"modal-body\" style=\"text-align: center;\"><a href='https:\/\/www.mendoza.gov.ar\/prensa\/el-consejo-provincial-de-ordenamiento-territorial-se-reunira-en-la-enoteca\/cpot_22_09-01-01\/'><img width=\"700\" height=\"426\" src=\"https:\/\/www.mendoza.gov.ar\/wp-content\/uploads\/sites\/5\/2017\/09\/cpot_22_09-01-01-700x426.jpg\" class=\"attachment-large size-large\" alt=\"\" loading=\"lazy\" srcset=\"https:\/\/www.mendoza.gov.ar\/wp-content\/uploads\/sites\/5\/2017\/09\/cpot_22_09-01-01-700x426.jpg 700w, https:\/\/www.mendoza.gov.ar\/wp-content\/uploads\/sites\/5\/2017\/09\/cpot_22_09-01-01-250x152.jpg 250w, https:\/\/www.mendoza.gov.ar\/wp-content\/uploads\/sites\/5\/2017\/09\/cpot_22_09-01-01-768x467.jpg 768w, https:\/\/www.mendoza.gov.ar\/wp-content\/uploads\/sites\/5\/2017\/09\/cpot_22_09-01-01-120x73.jpg 120w\" sizes=\"(max-width: 700px) 100vw, 700px\" \/><\/a><a data-toggle=\"modal\" data-dismiss=\"modal\" data-target=\"#105225\"><i class=\"text-white fa fa-chevron-right fa-4x\"><\/i><\/a><\/div>\n    <\/div>\n  <\/div>\n<\/div><div class='gallery-item' data-toggle='modal' data-target='#105225' id='r105225'>\n            <dt class='gallery-icon'>\n                <a style='cursor:pointer;'><img width='150' height='150' src='https:\/\/www.mendoza.gov.ar\/wp-content\/uploads\/sites\/5\/2017\/09\/DSC_4170-150x150.jpg' class='attachment-thumbnail size-thumbnail' alt='' href=''><\/a>\n             <\/dt><\/div><div class=\"modal fade bs-example-modal-lg\" id=\"105225\" tabindex=\"-1\" role=\"dialog\" aria-labelledby=\"myModalLabel\">\n  <div class=\"modal-dialog modal-lg\" role=\"document\">\n    <div class=\"\">\n      <div class=\"modal-body\" style=\"text-align: center;\"><a data-toggle=\"modal\" data-dismiss=\"modal\" data-target=\"#105224\"><i class=\"text-white fa fa-chevron-left fa-4x\"><\/i><\/a><a href='https:\/\/www.mendoza.gov.ar\/prensa\/el-consejo-provincial-de-ordenamiento-territorial-se-reunira-en-la-enoteca\/secretaria-de-ambiente-y-ordenamiento-territorial-%c2%96-xvii-sesion\/'><img width=\"700\" height=\"467\" src=\"https:\/\/www.mendoza.gov.ar\/wp-content\/uploads\/sites\/5\/2017\/09\/DSC_4170-700x467.jpg\" class=\"attachment-large size-large\" alt=\"\" loading=\"lazy\" srcset=\"https:\/\/www.mendoza.gov.ar\/wp-content\/uploads\/sites\/5\/2017\/09\/DSC_4170-700x467.jpg 700w, https:\/\/www.mendoza.gov.ar\/wp-content\/uploads\/sites\/5\/2017\/09\/DSC_4170-250x167.jpg 250w, https:\/\/www.mendoza.gov.ar\/wp-content\/uploads\/sites\/5\/2017\/09\/DSC_4170-768x512.jpg 768w, https:\/\/www.mendoza.gov.ar\/wp-content\/uploads\/sites\/5\/2017\/09\/DSC_4170-120x80.jpg 120w\" sizes=\"(max-width: 700px) 100vw, 700px\" \/><\/a><a data-toggle=\"modal\" data-dismiss=\"modal\" data-target=\"#105224\"><i class=\"text-white fa fa-chevron-right fa-4x\"><\/i><\/a><\/div>\n    <\/div>\n  <\/div>\n<\/div>\n            <br style='clear: both;' \/>\n        <\/div>\n\n<\/body><\/html>\n","protected":false},"excerpt":{"rendered":"La vig\u00e9sima sesi\u00f3n del consejo ser\u00e1 la primera en desarrollarse con el Plan Provincial de Ordenamiento Territorial aprobado.\r\n\r\n","protected":false},"author":61,"featured_media":105225,"comment_status":"open","ping_status":"open","sticky":false,"template":"","format":"standard","meta":[],"categories":[3],"tags":[],"_links":{"self":[{"href":"https:\/\/www.mendoza.gov.ar\/prensa\/wp-json\/wp\/v2\/posts\/105223"}],"collection":[{"href":"https:\/\/www.mendoza.gov.ar\/prensa\/wp-json\/wp\/v2\/posts"}],"about":[{"href":"https:\/\/www.mendoza.gov.ar\/prensa\/wp-json\/wp\/v2\/types\/post"}],"author":[{"embeddable":true,"href":"https:\/\/www.mendoza.gov.ar\/prensa\/wp-json\/wp\/v2\/users\/61"}],"replies":[{"embeddable":true,"href":"https:\/\/www.mendoza.gov.ar\/prensa\/wp-json\/wp\/v2\/comments?post=105223"}],"version-history":[{"count":3,"href":"https:\/\/www.mendoza.gov.ar\/prensa\/wp-json\/wp\/v2\/posts\/105223\/revisions"}],"predecessor-version":[{"id":105248,"href":"https:\/\/www.mendoza.gov.ar\/prensa\/wp-json\/wp\/v2\/posts\/105223\/revisions\/105248"}],"wp:featuredmedia":[{"embeddable":true,"href":"https:\/\/www.mendoza.gov.ar\/prensa\/wp-json\/wp\/v2\/media\/105225"}],"wp:attachment":[{"href":"https:\/\/www.mendoza.gov.ar\/prensa\/wp-json\/wp\/v2\/media?parent=105223"}],"wp:term":[{"taxonomy":"category","embeddable":true,"href":"https:\/\/www.mendoza.gov.ar\/prensa\/wp-json\/wp\/v2\/categories?post=105223"},{"taxonomy":"post_tag","embeddable":true,"href":"https:\/\/www.mendoza.gov.ar\/prensa\/wp-json\/wp\/v2\/tags?post=105223"}],"curies":[{"name":"wp","href":"https:\/\/api.w.org\/{rel}","templated":true}]}}