{"id":105227,"date":"2017-09-21T09:00:32","date_gmt":"2017-09-21T12:00:32","guid":{"rendered":"http:\/\/prensa.wp1.mendoza.gov.ar\/?p=105227"},"modified":"2017-09-21T09:53:42","modified_gmt":"2017-09-21T12:53:42","slug":"plantacion-de-arboles-en-ciclovias-en-el-dia-mundial-sin-autos","status":"publish","type":"post","link":"https:\/\/www.mendoza.gov.ar\/prensa\/plantacion-de-arboles-en-ciclovias-en-el-dia-mundial-sin-autos\/","title":{"rendered":"Plantaci\u00f3n de \u00e1rboles en ciclov\u00edas\u00a0en el D\u00eda Mundial sin Autos"},"content":{"rendered":"<!DOCTYPE html PUBLIC \"-\/\/W3C\/\/DTD HTML 4.0 Transitional\/\/EN\" \"http:\/\/www.w3.org\/TR\/REC-html40\/loose.dtd\">\n<html><body><p>La Secretar&iacute;a de Ambiente y Ordenamiento Territorial ha organizado este a&ntilde;o &ndash;en conjunto con municipios del &Aacute;rea Metropolitana&ndash; dos actividades saludables para celebrar el D&iacute;a Mundial sin Autos, que se conmemora el 22 de setiembre.<\/p>\n<p><strong>Forestaci&oacute;n en ciclov&iacute;as&nbsp;<\/strong><\/p>\n<p>En coordinaci&oacute;n con la Municipalidad de Las Heras, se efectuar&aacute; una bicicleteada en un tramo de la ciclov&iacute;a de Av. Regalado Olgu&iacute;n. Esta actividad se realiza en el marco de la Semana de la Movilidad Sustentable <em>Movility Week.<\/em>&nbsp;A lo largo de ese tramo de la ciclov&iacute;a, se plantar&aacute;n especies aut&oacute;ctonas, como cina-cina, acacia bizco y aguaribay.<\/p>\n<p>Adem&aacute;s, junto a la Municipalidad de la Ciudad de Mendoza se realizar&aacute; la plantaci&oacute;n de un tramo de la Ciclov&iacute;a Parque Lineal Nicolino Locche, con ejemplares de brachichito (<em>Brachychiton populneus).&nbsp;<\/em>Con esta acci&oacute;n se busca que las ciclov&iacute;as sean m&aacute;s acogedoras y brinden a los usuarios los beneficios propios del arbolado, aportando adem&aacute;s a la conversi&oacute;n de la forestaci&oacute;n por especies aut&oacute;ctonas de bajo requerimiento h&iacute;drico.<\/p>\n<p>La convocatoria a los mendocinos y turistas para que participen llevando sus bicicletas mientras se realizan las plantaciones es el viernes 22, a las 10, en los Portones del Parque General San Mart&iacute;n.<\/p>\n\n        <style type='text\/css'>\n            #gallery-1 {\n                margin: auto;\n            }\n            #gallery-1 .gallery-item {\n                float: left;\n                margin-top: 10px;\n\n                width: auto;}\n            #gallery-1 img {\n                border: 0px none;\n            }\n            #gallery-1 .gallery-caption {\n                margin-left: 0;\n            }\n        <\/style>\n<script>\njQuery(document).ready(function($) {\n  jQuery('div.gallery-item').hover(function(){\n     \/\/jQuery(this).fadeIn().siblings(':not(.modal)').fadeTo( 'slow' , 0.2);\n     jQuery(this).siblings(':not(.modal)').fadeTo( 'fast' , 0.2);\n     jQuery(this).fadeTo( 'slow' , 1);\n  },function(){\n     \/\/$(this).siblings().andSelf().fadeTo( 'slow' , 1);\n  });\n  jQuery('#gallery-1').on('mouseleave',function(){\n    jQuery('div.gallery-item').fadeTo( 'fast' , 1);\n  })\n});\n<\/script>\n        <!-- see gallery_shortcode() in wp-includes\/media.php -->\n        <h3>GALERIA<\/h3>\n        <div id='gallery-1' class='gallery galleryid-105227'><div class='gallery-item' data-toggle='modal' data-target='#105231' id='r105231'>\n            <dt class='gallery-icon'>\n                <a style='cursor:pointer;'><img width='150' height='150' src='https:\/\/www.mendoza.gov.ar\/wp-content\/uploads\/sites\/5\/2017\/09\/IMG-20170920-WA0021-150x150.jpg' class='attachment-thumbnail size-thumbnail' alt='' href=''><\/a>\n             <\/dt><\/div><div class=\"modal fade bs-example-modal-lg\" id=\"105231\" tabindex=\"-1\" role=\"dialog\" aria-labelledby=\"myModalLabel\">\n  <div class=\"modal-dialog modal-lg\" role=\"document\">\n    <div class=\"\">\n      <div class=\"modal-body\" style=\"text-align: center;\"><a href='https:\/\/www.mendoza.gov.ar\/prensa\/plantacion-de-arboles-en-ciclovias-en-el-dia-mundial-sin-autos\/img-20170920-wa0021\/'><img width=\"700\" height=\"394\" src=\"https:\/\/www.mendoza.gov.ar\/wp-content\/uploads\/sites\/5\/2017\/09\/IMG-20170920-WA0021-700x394.jpg\" class=\"attachment-large size-large\" alt=\"\" loading=\"lazy\" srcset=\"https:\/\/www.mendoza.gov.ar\/wp-content\/uploads\/sites\/5\/2017\/09\/IMG-20170920-WA0021-700x394.jpg 700w, https:\/\/www.mendoza.gov.ar\/wp-content\/uploads\/sites\/5\/2017\/09\/IMG-20170920-WA0021-250x141.jpg 250w, https:\/\/www.mendoza.gov.ar\/wp-content\/uploads\/sites\/5\/2017\/09\/IMG-20170920-WA0021-768x433.jpg 768w, https:\/\/www.mendoza.gov.ar\/wp-content\/uploads\/sites\/5\/2017\/09\/IMG-20170920-WA0021-120x68.jpg 120w, https:\/\/www.mendoza.gov.ar\/wp-content\/uploads\/sites\/5\/2017\/09\/IMG-20170920-WA0021.jpg 1280w\" sizes=\"(max-width: 700px) 100vw, 700px\" \/><\/a><a data-toggle=\"modal\" data-dismiss=\"modal\" data-target=\"#105232\"><i class=\"text-white fa fa-chevron-right fa-4x\"><\/i><\/a><\/div>\n    <\/div>\n  <\/div>\n<\/div><div class='gallery-item' data-toggle='modal' data-target='#105232' id='r105232'>\n            <dt class='gallery-icon'>\n                <a style='cursor:pointer;'><img width='150' height='150' src='https:\/\/www.mendoza.gov.ar\/wp-content\/uploads\/sites\/5\/2017\/09\/IMG-20170919-WA0023-150x150.jpeg' class='attachment-thumbnail size-thumbnail' alt='' href=''><\/a>\n             <\/dt><\/div><div class=\"modal fade bs-example-modal-lg\" id=\"105232\" tabindex=\"-1\" role=\"dialog\" aria-labelledby=\"myModalLabel\">\n  <div class=\"modal-dialog modal-lg\" role=\"document\">\n    <div class=\"\">\n      <div class=\"modal-body\" style=\"text-align: center;\"><a data-toggle=\"modal\" data-dismiss=\"modal\" data-target=\"#105231\"><i class=\"text-white fa fa-chevron-left fa-4x\"><\/i><\/a><a href='https:\/\/www.mendoza.gov.ar\/prensa\/plantacion-de-arboles-en-ciclovias-en-el-dia-mundial-sin-autos\/img-20170919-wa0023\/'><img width=\"700\" height=\"420\" src=\"https:\/\/www.mendoza.gov.ar\/wp-content\/uploads\/sites\/5\/2017\/09\/IMG-20170919-WA0023-700x420.jpeg\" class=\"attachment-large size-large\" alt=\"\" loading=\"lazy\" srcset=\"https:\/\/www.mendoza.gov.ar\/wp-content\/uploads\/sites\/5\/2017\/09\/IMG-20170919-WA0023-700x420.jpeg 700w, https:\/\/www.mendoza.gov.ar\/wp-content\/uploads\/sites\/5\/2017\/09\/IMG-20170919-WA0023-250x150.jpeg 250w, https:\/\/www.mendoza.gov.ar\/wp-content\/uploads\/sites\/5\/2017\/09\/IMG-20170919-WA0023-768x461.jpeg 768w, https:\/\/www.mendoza.gov.ar\/wp-content\/uploads\/sites\/5\/2017\/09\/IMG-20170919-WA0023-120x72.jpeg 120w\" sizes=\"(max-width: 700px) 100vw, 700px\" \/><\/a><a data-toggle=\"modal\" data-dismiss=\"modal\" data-target=\"#105231\"><i class=\"text-white fa fa-chevron-right fa-4x\"><\/i><\/a><\/div>\n    <\/div>\n  <\/div>\n<\/div>\n            <br style='clear: both;' \/>\n        <\/div>\n\n<\/body><\/html>\n","protected":false},"excerpt":{"rendered":"El viernes 22, se plantar\u00e1n especies aut\u00f3ctonas y habr\u00e1 bicicleteadas en Las Heras y Ciudad.","protected":false},"author":61,"featured_media":105231,"comment_status":"open","ping_status":"open","sticky":false,"template":"","format":"standard","meta":[],"categories":[3],"tags":[],"_links":{"self":[{"href":"https:\/\/www.mendoza.gov.ar\/prensa\/wp-json\/wp\/v2\/posts\/105227"}],"collection":[{"href":"https:\/\/www.mendoza.gov.ar\/prensa\/wp-json\/wp\/v2\/posts"}],"about":[{"href":"https:\/\/www.mendoza.gov.ar\/prensa\/wp-json\/wp\/v2\/types\/post"}],"author":[{"embeddable":true,"href":"https:\/\/www.mendoza.gov.ar\/prensa\/wp-json\/wp\/v2\/users\/61"}],"replies":[{"embeddable":true,"href":"https:\/\/www.mendoza.gov.ar\/prensa\/wp-json\/wp\/v2\/comments?post=105227"}],"version-history":[{"count":4,"href":"https:\/\/www.mendoza.gov.ar\/prensa\/wp-json\/wp\/v2\/posts\/105227\/revisions"}],"predecessor-version":[{"id":105250,"href":"https:\/\/www.mendoza.gov.ar\/prensa\/wp-json\/wp\/v2\/posts\/105227\/revisions\/105250"}],"wp:featuredmedia":[{"embeddable":true,"href":"https:\/\/www.mendoza.gov.ar\/prensa\/wp-json\/wp\/v2\/media\/105231"}],"wp:attachment":[{"href":"https:\/\/www.mendoza.gov.ar\/prensa\/wp-json\/wp\/v2\/media?parent=105227"}],"wp:term":[{"taxonomy":"category","embeddable":true,"href":"https:\/\/www.mendoza.gov.ar\/prensa\/wp-json\/wp\/v2\/categories?post=105227"},{"taxonomy":"post_tag","embeddable":true,"href":"https:\/\/www.mendoza.gov.ar\/prensa\/wp-json\/wp\/v2\/tags?post=105227"}],"curies":[{"name":"wp","href":"https:\/\/api.w.org\/{rel}","templated":true}]}}