{"id":105408,"date":"2017-09-22T08:47:45","date_gmt":"2017-09-22T11:47:45","guid":{"rendered":"http:\/\/prensa.wp1.mendoza.gov.ar\/?p=105408"},"modified":"2017-09-22T09:09:57","modified_gmt":"2017-09-22T12:09:57","slug":"entrega-de-ayuda-economica-para-productores-en-emergencia","status":"publish","type":"post","link":"https:\/\/www.mendoza.gov.ar\/prensa\/entrega-de-ayuda-economica-para-productores-en-emergencia\/","title":{"rendered":"Entrega de ayuda econ\u00f3mica para productores en emergencia"},"content":{"rendered":"<!DOCTYPE html PUBLIC \"-\/\/W3C\/\/DTD HTML 4.0 Transitional\/\/EN\" \"http:\/\/www.w3.org\/TR\/REC-html40\/loose.dtd\">\n<html><body><p class=\"m_8925756004343153051yiv0494919908MsoNormal\"><span lang=\"ES-AR\">Hoy viernes 22, se anunciar&aacute; la entrega de fondos no reembolsables para productores frut&iacute;colas y vit&iacute;colas de la zona Este. Ser&aacute; a las 11, en el Centro de Vi&ntilde;ateros y Bodegueros del Este, Alvear 280, departamento de San Mart&iacute;n.<\/span><\/p>\n<p class=\"m_8925756004343153051yiv0494919908MsoNormal\"><span lang=\"ES-AR\">El beneficio ser&aacute; entregado a productores de las zonas declaradas en emergencia agropecuaria en la temporada 2016-2017, cuya superficie no supere las 100 hect&aacute;reas y cuyos titulares no hayan adherido al Fondo Compensador Agr&iacute;cola en la &uacute;ltima campa&ntilde;a.<\/span><\/p>\n<p class=\"m_8925756004343153051yiv0494919908MsoNormal\"><span id=\"m_8925756004343153051yMail_cursorElementTracker_1506079325783\" lang=\"ES-AR\">Cada beneficiario recibir&aacute; $1.200 por hect&aacute;reas y se abonar&aacute;n un m&aacute;ximo de 8. Este aporte, que alcanzar&aacute; a 618 productores, representa un desembolso de $489 millones.&nbsp;<\/span><\/p>\n<\/body><\/html>\n","protected":false},"excerpt":{"rendered":"El anuncio ser\u00e1 hoy viernes 22, desde las 11, en el Centro de Vi\u00f1ateros y Bodegueros del Este, Alvear 280, departamento de San Mart\u00edn.","protected":false},"author":61,"featured_media":105409,"comment_status":"open","ping_status":"open","sticky":false,"template":"","format":"standard","meta":[],"categories":[1],"tags":[],"_links":{"self":[{"href":"https:\/\/www.mendoza.gov.ar\/prensa\/wp-json\/wp\/v2\/posts\/105408"}],"collection":[{"href":"https:\/\/www.mendoza.gov.ar\/prensa\/wp-json\/wp\/v2\/posts"}],"about":[{"href":"https:\/\/www.mendoza.gov.ar\/prensa\/wp-json\/wp\/v2\/types\/post"}],"author":[{"embeddable":true,"href":"https:\/\/www.mendoza.gov.ar\/prensa\/wp-json\/wp\/v2\/users\/61"}],"replies":[{"embeddable":true,"href":"https:\/\/www.mendoza.gov.ar\/prensa\/wp-json\/wp\/v2\/comments?post=105408"}],"version-history":[{"count":3,"href":"https:\/\/www.mendoza.gov.ar\/prensa\/wp-json\/wp\/v2\/posts\/105408\/revisions"}],"predecessor-version":[{"id":105419,"href":"https:\/\/www.mendoza.gov.ar\/prensa\/wp-json\/wp\/v2\/posts\/105408\/revisions\/105419"}],"wp:featuredmedia":[{"embeddable":true,"href":"https:\/\/www.mendoza.gov.ar\/prensa\/wp-json\/wp\/v2\/media\/105409"}],"wp:attachment":[{"href":"https:\/\/www.mendoza.gov.ar\/prensa\/wp-json\/wp\/v2\/media?parent=105408"}],"wp:term":[{"taxonomy":"category","embeddable":true,"href":"https:\/\/www.mendoza.gov.ar\/prensa\/wp-json\/wp\/v2\/categories?post=105408"},{"taxonomy":"post_tag","embeddable":true,"href":"https:\/\/www.mendoza.gov.ar\/prensa\/wp-json\/wp\/v2\/tags?post=105408"}],"curies":[{"name":"wp","href":"https:\/\/api.w.org\/{rel}","templated":true}]}}