{"id":105807,"date":"2017-09-25T16:31:15","date_gmt":"2017-09-25T19:31:15","guid":{"rendered":"http:\/\/prensa.wp1.mendoza.gov.ar\/?p=105807"},"modified":"2017-09-25T17:37:27","modified_gmt":"2017-09-25T20:37:27","slug":"osep-inauguro-laboratorio-de-ultima-generacion-en-la-paz","status":"publish","type":"post","link":"https:\/\/www.mendoza.gov.ar\/prensa\/osep-inauguro-laboratorio-de-ultima-generacion-en-la-paz\/","title":{"rendered":"OSEP inaugur\u00f3 laboratorio de \u00faltima generaci\u00f3n en La Paz"},"content":{"rendered":"<!DOCTYPE html PUBLIC \"-\/\/W3C\/\/DTD HTML 4.0 Transitional\/\/EN\" \"http:\/\/www.w3.org\/TR\/REC-html40\/loose.dtd\">\n<html><body><p><em>El nuevo servicio es uno de los nodos de la red de Laboratorios de OSEP.<\/em><\/p>\n<p>El director general de OSEP, Sergio Vergara, inaugur&oacute; el nuevo laboratorio de An&aacute;lisis Cl&iacute;nicos de la obra social en La Paz. En el acto, lo acompa&ntilde;aron el intendente del departamento, Gustavo Daniel Pinto; el presidente del Concejo Deliberante de la Comuna, Rub&eacute;n Armando Capdevila, la senadora Mar&iacute;a Olga Quiroga y la diputada Stella Marys Ruiz, entre otras autoridades.<\/p>\n<p>Vergara destac&oacute; que el nuevo laboratorio es uno de los nodos de la Red de Laboratorios de OSEP. &ldquo;Este servicio de avanzada hace que el afiliado obtenga los resultados de sus an&aacute;lisis en no m&aacute;s de 72 horas y la toma de sangre y el resultado se generen <em>in situ<\/em>. Lo que m&aacute;s cuesta es acercar servicios a las zonas m&aacute;s alejadas del Gran Mendoza, pero gracias a un proceso en red que ha generado OSEP, esta semana tambi&eacute;n quedar&aacute;n habilitados los laboratorios de Maip&uacute;, Tunuy&aacute;n y Malarg&uuml;e&rdquo;, afirm&oacute; Vergara.<\/p>\n<p>Por su parte, el intendente Pinto agradeci&oacute; a OSEP por generar nuevos servicios y mejorando los existentes. Tambi&eacute;n se refiri&oacute; a la importancia de recuperar los espacios que fueron perdidos en gestiones anteriores, haciendo referencia a la recuperaci&oacute;n del edificio propio de la sede de OSEP La Paz, la cual fue recuperada el a&ntilde;o pasado, con el trabajo del Municipio y OSEP.<\/p>\n<p>Lo m&aacute;s destacado es que el afiliado podr&aacute; elegir entre el laboratorio de la sede o un prestador privado.<\/p>\n<\/body><\/html>\n","protected":false},"excerpt":{"rendered":"El nuevo servicio es uno de los nodos de la red de Laboratorios de OSEP. El director general de OSEP, Sergio Vergara, inaugur&oacute; el nuevo laboratorio de An&aacute;lisis Cl&iacute;nicos de la obra social en La Paz. En el acto, lo acompa&ntilde;aron el intendente del departamento, Gustavo Daniel Pinto; el presidente del Concejo Deliberante de la&#8230; <a class=\"view-article\" href=\"https:\/\/www.mendoza.gov.ar\/prensa\/osep-inauguro-laboratorio-de-ultima-generacion-en-la-paz\/\"><\/a>","protected":false},"author":63,"featured_media":105808,"comment_status":"open","ping_status":"open","sticky":false,"template":"","format":"standard","meta":[],"categories":[30],"tags":[],"_links":{"self":[{"href":"https:\/\/www.mendoza.gov.ar\/prensa\/wp-json\/wp\/v2\/posts\/105807"}],"collection":[{"href":"https:\/\/www.mendoza.gov.ar\/prensa\/wp-json\/wp\/v2\/posts"}],"about":[{"href":"https:\/\/www.mendoza.gov.ar\/prensa\/wp-json\/wp\/v2\/types\/post"}],"author":[{"embeddable":true,"href":"https:\/\/www.mendoza.gov.ar\/prensa\/wp-json\/wp\/v2\/users\/63"}],"replies":[{"embeddable":true,"href":"https:\/\/www.mendoza.gov.ar\/prensa\/wp-json\/wp\/v2\/comments?post=105807"}],"version-history":[{"count":3,"href":"https:\/\/www.mendoza.gov.ar\/prensa\/wp-json\/wp\/v2\/posts\/105807\/revisions"}],"predecessor-version":[{"id":105827,"href":"https:\/\/www.mendoza.gov.ar\/prensa\/wp-json\/wp\/v2\/posts\/105807\/revisions\/105827"}],"wp:featuredmedia":[{"embeddable":true,"href":"https:\/\/www.mendoza.gov.ar\/prensa\/wp-json\/wp\/v2\/media\/105808"}],"wp:attachment":[{"href":"https:\/\/www.mendoza.gov.ar\/prensa\/wp-json\/wp\/v2\/media?parent=105807"}],"wp:term":[{"taxonomy":"category","embeddable":true,"href":"https:\/\/www.mendoza.gov.ar\/prensa\/wp-json\/wp\/v2\/categories?post=105807"},{"taxonomy":"post_tag","embeddable":true,"href":"https:\/\/www.mendoza.gov.ar\/prensa\/wp-json\/wp\/v2\/tags?post=105807"}],"curies":[{"name":"wp","href":"https:\/\/api.w.org\/{rel}","templated":true}]}}