{"id":105943,"date":"2017-09-26T16:18:54","date_gmt":"2017-09-26T19:18:54","guid":{"rendered":"http:\/\/prensa.wp1.mendoza.gov.ar\/?p=105943"},"modified":"2017-09-26T17:09:43","modified_gmt":"2017-09-26T20:09:43","slug":"osep-incorpora-tecnologia-en-el-laboratorio-de-analisis-clinico-de-la-sede-maipu","status":"publish","type":"post","link":"https:\/\/www.mendoza.gov.ar\/prensa\/osep-incorpora-tecnologia-en-el-laboratorio-de-analisis-clinico-de-la-sede-maipu\/","title":{"rendered":"OSEP incorpora tecnolog\u00eda en el laboratorio de an\u00e1lisis cl\u00ednicos de la sede Maip\u00fa"},"content":{"rendered":"<!DOCTYPE html PUBLIC \"-\/\/W3C\/\/DTD HTML 4.0 Transitional\/\/EN\" \"http:\/\/www.w3.org\/TR\/REC-html40\/loose.dtd\">\n<html><body><p><em>El titular de la obra social, Sergio Vergara, asisti&oacute; a la puesta en marcha del nuevo autoanalizador para determinaci&oacute;n bioqu&iacute;mica cl&iacute;nica.<\/em><\/p>\n<p>La Obra Social de Empleados P&uacute;blicos (OSEP) puso en marcha el nuevo autoanalizador para determinaci&oacute;n bioqu&iacute;mica cl&iacute;nica en el laboratorio de an&aacute;lisis cl&iacute;nicos de la sede OSEP Maip&uacute;.<\/p>\n<p>En la inauguraci&oacute;n, el director general de OSEP, Sergio Vergara, destac&oacute; la importancia que tiene la incorporaci&oacute;n de esta tecnolog&iacute;a para los afiliados de Maip&uacute;. &ldquo;Este avance enriquece la red de laboratorios de OSEP que coordina el doctor Jorge Stradiotto y que se ha propuesto estar a la altura de las necesidades de los afiliados en la mayor&iacute;a de las sedes de OSEP del interior&rdquo;, dijo.<\/p>\n<p>El nuevo equipamiento procesa entre 60 a 80 muestras por d&iacute;a y los resultados se obtienen r&aacute;pidamente. De este modo, se agilizar&aacute; la atenci&oacute;n de los afiliados, quienes hasta ahora deb&iacute;an hacer colas a tempranas horas para obtener uno de los 20 turnos que se otorgaban.<\/p>\n<p>El titular de la OSEP anunci&oacute; que esta semana tambi&eacute;n quedar&aacute;n habilitados los laboratorios de las sedes de Tunuy&aacute;n y Malarg&uuml;e.<\/p>\n<\/body><\/html>\n","protected":false},"excerpt":{"rendered":"El titular de la obra social, Sergio Vergara, asisti&oacute; a la puesta en marcha del nuevo autoanalizador para determinaci&oacute;n bioqu&iacute;mica cl&iacute;nica. La Obra Social de Empleados P&uacute;blicos (OSEP) puso en marcha el nuevo autoanalizador para determinaci&oacute;n bioqu&iacute;mica cl&iacute;nica en el laboratorio de an&aacute;lisis cl&iacute;nicos de la sede OSEP Maip&uacute;. En la inauguraci&oacute;n, el director general&#8230; <a class=\"view-article\" href=\"https:\/\/www.mendoza.gov.ar\/prensa\/osep-incorpora-tecnologia-en-el-laboratorio-de-analisis-clinico-de-la-sede-maipu\/\"><\/a>","protected":false},"author":63,"featured_media":105944,"comment_status":"open","ping_status":"open","sticky":false,"template":"","format":"standard","meta":[],"categories":[30],"tags":[],"_links":{"self":[{"href":"https:\/\/www.mendoza.gov.ar\/prensa\/wp-json\/wp\/v2\/posts\/105943"}],"collection":[{"href":"https:\/\/www.mendoza.gov.ar\/prensa\/wp-json\/wp\/v2\/posts"}],"about":[{"href":"https:\/\/www.mendoza.gov.ar\/prensa\/wp-json\/wp\/v2\/types\/post"}],"author":[{"embeddable":true,"href":"https:\/\/www.mendoza.gov.ar\/prensa\/wp-json\/wp\/v2\/users\/63"}],"replies":[{"embeddable":true,"href":"https:\/\/www.mendoza.gov.ar\/prensa\/wp-json\/wp\/v2\/comments?post=105943"}],"version-history":[{"count":3,"href":"https:\/\/www.mendoza.gov.ar\/prensa\/wp-json\/wp\/v2\/posts\/105943\/revisions"}],"predecessor-version":[{"id":105951,"href":"https:\/\/www.mendoza.gov.ar\/prensa\/wp-json\/wp\/v2\/posts\/105943\/revisions\/105951"}],"wp:featuredmedia":[{"embeddable":true,"href":"https:\/\/www.mendoza.gov.ar\/prensa\/wp-json\/wp\/v2\/media\/105944"}],"wp:attachment":[{"href":"https:\/\/www.mendoza.gov.ar\/prensa\/wp-json\/wp\/v2\/media?parent=105943"}],"wp:term":[{"taxonomy":"category","embeddable":true,"href":"https:\/\/www.mendoza.gov.ar\/prensa\/wp-json\/wp\/v2\/categories?post=105943"},{"taxonomy":"post_tag","embeddable":true,"href":"https:\/\/www.mendoza.gov.ar\/prensa\/wp-json\/wp\/v2\/tags?post=105943"}],"curies":[{"name":"wp","href":"https:\/\/api.w.org\/{rel}","templated":true}]}}