{"id":106347,"date":"2017-09-28T17:02:32","date_gmt":"2017-09-28T20:02:32","guid":{"rendered":"http:\/\/prensa.wp1.mendoza.gov.ar\/?p=106347"},"modified":"2017-09-28T19:34:13","modified_gmt":"2017-09-28T22:34:13","slug":"el-gobernador-presento-la-refuncionalizacion-de-tres-edificios-policiales-en-san-martin","status":"publish","type":"post","link":"https:\/\/www.mendoza.gov.ar\/prensa\/el-gobernador-presento-la-refuncionalizacion-de-tres-edificios-policiales-en-san-martin\/","title":{"rendered":"El Gobernador present\u00f3 la refuncionalizaci\u00f3n de tres edificios policiales en San Mart\u00edn"},"content":{"rendered":"<!DOCTYPE html PUBLIC \"-\/\/W3C\/\/DTD HTML 4.0 Transitional\/\/EN\" \"http:\/\/www.w3.org\/TR\/REC-html40\/loose.dtd\">\n<html><body><p><em>Se trata de las comisar&iacute;as 39 y 28&nbsp; y el Destacamento Policial del barrio San Pedro. Los edificios necesitaron importantes trabajos de reparaci&oacute;n. (Audio)<\/em><\/p>\n<p>Durante su recorrida por el departamento del Este, el Gobernador Alfredo Cornejo present&oacute; la refuncionalizaci&oacute;n de tres edificios policiales. Se trata de dos comisar&iacute;as, la 28 del distrito de Palmira, y la 39, en el distrito Tres Porte&ntilde;as y el Destacamento del Barrio San Pedro.<\/p>\n<p>&ldquo;Son grandes obras&rdquo;, se&ntilde;al&oacute; Cornejo, y agreg&oacute;: &ldquo;Lamentablemente, durante muchos a&ntilde;os hubo desinversi&oacute;n en materia de infraestructura social b&aacute;sica. No se invert&iacute;a en centros de salud, comisar&iacute;as, escuelas. Siempre prefer&iacute;an construir edificios nuevos en lugar de mantener la red de infraestructura&rdquo;.<\/p>\n<p>Asever&oacute; que &ldquo;no se puede hablar de mejorar la seguridad sin que el personal policial est&eacute; trabajando en buenas condiciones. Estamos en este momento interviniendo 104 subcomisar&iacute;as, comisar&iacute;as y destacamentos en total. En el Este en particular estamos invirtiendo $63 millones en 23 lugares&rdquo;.<\/p>\n<p>En cuanto a las tecnolog&iacute;as incorporados, Cornejo habl&oacute; de que &ldquo;con las nuevas herramientas de comunicaci&oacute;n podemos conocer la trazabilidad de los detenidos&rdquo;. En Palmira se aplic&oacute; la prueba piloto que permite obtener im&aacute;genes, desde cualquier punto de la provincia, en tiempo real sobre el recorrido que realizan los detenidos cuando son trasladados.<\/p>\n<p>En este sentido, el mandatario explic&oacute;: &ldquo;Estamos haciendo trabajos de inteligencia criminal. No se puede combatir la inseguridad sin bases de datos integradas, sin capacitaci&oacute;n para la polic&iacute;a y mucho menos sin la ayuda de la Justica. No vamos a bajar la inseguridad si la administraci&oacute;n de Justicia, fundamentalmente en lo penal, no se compromete con el sistema de seguridad en su conjunto&rdquo;.<\/p>\n<p>&ldquo;Esta pol&iacute;tica de mano firme es la que queremos que tenga ratificaci&oacute;n de los ciudadanos&rdquo;, manifest&oacute; Cornejo, y continu&oacute;: &ldquo;No queremos nunca m&aacute;s esa pol&iacute;tica donde los victimarios tienen m&aacute;s derechos que las v&iacute;ctimas&rdquo;.<\/p>\n<p>&ldquo;Estamos haciendo muchos cambios que arrojan incipientes resultados positivos. De agosto a agosto, tenemos 35% menos de robos agravados, con armas. Y eso es producto de que la polic&iacute;a est&aacute; perfeccionando su trabajo, porque tiene mejor equipamiento e identificadores de personas. Pero tambi&eacute;n es porque el Ministerio P&uacute;blico Fiscal, con Gull&eacute; a la cabeza, da &oacute;rdenes a los fiscales y a los auxiliares fiscales de que toda persona que anda con armas tiene que quedar detenida. Eso est&aacute; dando resultados, pese a que a&uacute;n no estoy conforme&rdquo;, dijo Cornejo.<\/p>\n<p>Posteriormente, el Gobernador pidi&oacute; que la Legislatura apruebe los cambios en el C&oacute;digo de Faltas para que se detenga a todos los que porten armas. El C&oacute;digo Nacional omite las r&eacute;plicas, pero los ciudadanos no saben si el delincuente le est&aacute; apuntando con una real o con una r&eacute;plica: &ldquo;Por eso quiero que se modifique y que todos los que circulen con un arma queden detenidos. Y que se sancione r&aacute;pidamente que el proyecto que he enviado a la Legislatura&rdquo;.<\/p>\n<p>Al respecto del barrio San Pedro, el mandatario afirm&oacute;: &ldquo;Es el barrio m&aacute;s grande del Este de San Mart&iacute;n&rdquo;.<\/p>\n<p>Cornejo record&oacute; que el edificio de la Comisar&iacute;a 28, en San Pedro, &ldquo;desde hac&iacute;a aproximadamente 10 a&ntilde;os se encontraba usurpado, donde antiguamente funcionaban las oficinas de atenci&oacute;n a las v&iacute;ctimas&rdquo;. Posteriormente mencion&oacute;: &ldquo;Hoy el lugar qued&oacute; convertido en un destacamento que servir&aacute; para atender las necesidades de las alrededor de 1.200 familias que habitan en el distrito de San Pedro.<\/p>\n<p>Finalmente, mencion&oacute;: &ldquo;Las comisar&iacute;as no ten&iacute;an ba&ntilde;os ni para los polic&iacute;as. Ten&iacute;an que prestarles el ba&ntilde;o los vecinos de alrededor. Estamos repasando esas obras, que est&aacute;n terminadas, no anunciadas&rdquo;, destac&oacute; Cornejo, y asegur&oacute; que hay cuatro comisar&iacute;as nuevas en licitaci&oacute;n: &ldquo;Unas obras muy grandes, y otras refacciones&rdquo;, a esto se suman medios de comunicaci&oacute;n que permiten estar <em>on-line<\/em> con el sistema de patrullaje&rdquo;.<\/p>\n<p><strong>Detalles de las obras<\/strong><\/p>\n<p>Comisar&iacute;a N&ordm; 39<\/p>\n<p>Los trabajos realizados en el edificio de esta Comisar&iacute;a, &nbsp;ubicada en el Distrito Tres Porte&ntilde;as, fueron de distinta &iacute;ndole como reparaciones, remodelaci&oacute;n, refuncionalizaci&oacute;n de sectores y unificaci&oacute;n de imagen institucional, &nbsp;como as&iacute; tambi&eacute;n tareas de mantenimiento menores.<\/p>\n<p>Los arreglos y reparaciones tuvieron un plazo de ejecuci&oacute;n de 120 d&iacute;as h&aacute;biles y cont&oacute; con una inversi&oacute;n de $1.785.156,39.<\/p>\n<p>Se realiz&oacute;:<\/p>\n<ul>\n<li>Remodelaci&oacute;n y arreglo total techos.<\/li>\n<li>Acondicionamiento de patio lateral y patio interno.<\/li>\n<li>Intervenci&oacute;n en cocina.<\/li>\n<li>Intervenci&oacute;n en sanitario.<\/li>\n<li>Arreglos en patio interior.<\/li>\n<li>Ventilaci&oacute;n para c&aacute;mara de inspecci&oacute;n.<\/li>\n<li>Instalaci&oacute;n el&eacute;ctrica.<\/li>\n<li>Instalaci&oacute;n de gas.<\/li>\n<li>Mantenimiento y provisi&oacute;n de estufas.<\/li>\n<li>Carteler&iacute;a de seguridad.<strong>&nbsp;<\/strong><\/li>\n<\/ul>\n<p>Destacamento Policial del Barrio San Pedro<\/p>\n<p>Ubicado en el Centro Comercial, en Costa Canal s\/n, a 500 metros de Ruta 50, Barrio San Pedro, San Mart&iacute;n. El edificio necesit&oacute; de &nbsp;varios trabajos.<\/p>\n<p>En dicha dependencia y de acuerdo a las necesidades, con un plazo de 120 d&iacute;as h&aacute;biles y un presupuesto de $1.417.000,00, se realizaron las siguientes reparaciones:<\/p>\n<ul>\n<li>Remodelaci&oacute;n y arreglo techos.<\/li>\n<li>Acondicionamiento de patio lateral y patio interno.<\/li>\n<li>Intervenci&oacute;n en cocina.<\/li>\n<li>Intervenci&oacute;n en sanitario.<\/li>\n<li>Arreglos en patio interior.<\/li>\n<li>Ventilaci&oacute;n para c&aacute;mara de inspecci&oacute;n.<\/li>\n<li>Instalaci&oacute;n el&eacute;ctrica.<\/li>\n<li>Instalaci&oacute;n de gas.<\/li>\n<li>Mantenimiento y provisi&oacute;n de estufas.<\/li>\n<li>Carteler&iacute;a de seguridad.<strong>&nbsp;<\/strong><\/li>\n<\/ul>\n<p>Comisar&iacute;a 28&deg;<\/p>\n<p>Ubicada en 25 de mayo y Col&oacute;n, en el &nbsp;Distrito Palmira, del Departamento San Mart&iacute;n, se realizaron reparaciones y trabajos de refuncionalizaci&oacute;n dentro de un plazo de 120 d&iacute;as h&aacute;biles con un presupuesto de $2.372.086,04<\/p>\n<p>Reparaci&oacute;n y refuncionalizaci&oacute;n del edificio:<\/p>\n<ul>\n<li>Remodelaci&oacute;n y arreglo techos.<\/li>\n<li>Acondicionamiento de patio lateral y patio interno.<\/li>\n<li>Intervenci&oacute;n en cocina.<\/li>\n<li>Intervenci&oacute;n en sanitario.<\/li>\n<li>Arreglos en patio interior.<\/li>\n<li>Ventilaci&oacute;n para c&aacute;mara de inspecci&oacute;n.<\/li>\n<li>Instalaci&oacute;n el&eacute;ctrica.<\/li>\n<li>Instalaci&oacute;n de gas.<\/li>\n<li>Mantenimiento y provisi&oacute;n de estufas.<\/li>\n<li>Carteler&iacute;a de seguridad.<\/li>\n<\/ul>\n<p><iframe width=\"900\" height=\"400\" scrolling=\"no\" frameborder=\"no\" src=\"https:\/\/w.soundcloud.com\/player\/?visual=true&amp;url=https%3A%2F%2Fapi.soundcloud.com%2Ftracks%2F344481839&amp;show_artwork=true&amp;maxwidth=900&amp;maxheight=1000\"><\/iframe><\/p>\n\n        <style type='text\/css'>\n            #gallery-1 {\n                margin: auto;\n            }\n            #gallery-1 .gallery-item {\n                float: left;\n                margin-top: 10px;\n\n                width: auto;}\n            #gallery-1 img {\n                border: 0px none;\n            }\n            #gallery-1 .gallery-caption {\n                margin-left: 0;\n            }\n        <\/style>\n<script>\njQuery(document).ready(function($) {\n  jQuery('div.gallery-item').hover(function(){\n     \/\/jQuery(this).fadeIn().siblings(':not(.modal)').fadeTo( 'slow' , 0.2);\n     jQuery(this).siblings(':not(.modal)').fadeTo( 'fast' , 0.2);\n     jQuery(this).fadeTo( 'slow' , 1);\n  },function(){\n     \/\/$(this).siblings().andSelf().fadeTo( 'slow' , 1);\n  });\n  jQuery('#gallery-1').on('mouseleave',function(){\n    jQuery('div.gallery-item').fadeTo( 'fast' , 1);\n  })\n});\n<\/script>\n        <!-- see gallery_shortcode() in wp-includes\/media.php -->\n        <h3>GALERIA<\/h3>\n        <div id='gallery-1' class='gallery galleryid-106347'><div class='gallery-item' data-toggle='modal' data-target='#106355' id='r106355'>\n            <dt class='gallery-icon'>\n                <a style='cursor:pointer;'><img width='150' height='150' src='https:\/\/www.mendoza.gov.ar\/wp-content\/uploads\/sites\/5\/2017\/09\/DSC_7080-1-150x150.jpg' class='attachment-thumbnail size-thumbnail' alt='' href=''><\/a>\n             <\/dt><\/div><div class=\"modal fade bs-example-modal-lg\" id=\"106355\" tabindex=\"-1\" role=\"dialog\" aria-labelledby=\"myModalLabel\">\n  <div class=\"modal-dialog modal-lg\" role=\"document\">\n    <div class=\"\">\n      <div class=\"modal-body\" style=\"text-align: center;\"><a href='https:\/\/www.mendoza.gov.ar\/prensa\/el-gobernador-presento-la-refuncionalizacion-de-tres-edificios-policiales-en-san-martin\/dsc_7080-2\/'><img width=\"700\" height=\"467\" src=\"https:\/\/www.mendoza.gov.ar\/wp-content\/uploads\/sites\/5\/2017\/09\/DSC_7080-1-700x467.jpg\" class=\"attachment-large size-large\" alt=\"\" loading=\"lazy\" srcset=\"https:\/\/www.mendoza.gov.ar\/wp-content\/uploads\/sites\/5\/2017\/09\/DSC_7080-1-700x467.jpg 700w, https:\/\/www.mendoza.gov.ar\/wp-content\/uploads\/sites\/5\/2017\/09\/DSC_7080-1-250x167.jpg 250w, https:\/\/www.mendoza.gov.ar\/wp-content\/uploads\/sites\/5\/2017\/09\/DSC_7080-1-768x512.jpg 768w, https:\/\/www.mendoza.gov.ar\/wp-content\/uploads\/sites\/5\/2017\/09\/DSC_7080-1-120x80.jpg 120w, https:\/\/www.mendoza.gov.ar\/wp-content\/uploads\/sites\/5\/2017\/09\/DSC_7080-1.jpg 1620w\" sizes=\"(max-width: 700px) 100vw, 700px\" \/><\/a><a data-toggle=\"modal\" data-dismiss=\"modal\" data-target=\"#106356\"><i class=\"text-white fa fa-chevron-right fa-4x\"><\/i><\/a><\/div>\n    <\/div>\n  <\/div>\n<\/div><div class='gallery-item' data-toggle='modal' data-target='#106356' id='r106356'>\n            <dt class='gallery-icon'>\n                <a style='cursor:pointer;'><img width='150' height='150' src='https:\/\/www.mendoza.gov.ar\/wp-content\/uploads\/sites\/5\/2017\/09\/IMG_emx6q7_1-150x150.jpg' class='attachment-thumbnail size-thumbnail' alt='' href=''><\/a>\n             <\/dt><\/div><div class=\"modal fade bs-example-modal-lg\" id=\"106356\" tabindex=\"-1\" role=\"dialog\" aria-labelledby=\"myModalLabel\">\n  <div class=\"modal-dialog modal-lg\" role=\"document\">\n    <div class=\"\">\n      <div class=\"modal-body\" style=\"text-align: center;\"><a data-toggle=\"modal\" data-dismiss=\"modal\" data-target=\"#106355\"><i class=\"text-white fa fa-chevron-left fa-4x\"><\/i><\/a><a href='https:\/\/www.mendoza.gov.ar\/prensa\/el-gobernador-presento-la-refuncionalizacion-de-tres-edificios-policiales-en-san-martin\/img_emx6q7_1\/'><img width=\"700\" height=\"578\" src=\"https:\/\/www.mendoza.gov.ar\/wp-content\/uploads\/sites\/5\/2017\/09\/IMG_emx6q7_1-700x578.jpg\" class=\"attachment-large size-large\" alt=\"\" loading=\"lazy\" srcset=\"https:\/\/www.mendoza.gov.ar\/wp-content\/uploads\/sites\/5\/2017\/09\/IMG_emx6q7_1-700x578.jpg 700w, https:\/\/www.mendoza.gov.ar\/wp-content\/uploads\/sites\/5\/2017\/09\/IMG_emx6q7_1-250x206.jpg 250w, https:\/\/www.mendoza.gov.ar\/wp-content\/uploads\/sites\/5\/2017\/09\/IMG_emx6q7_1-768x634.jpg 768w, https:\/\/www.mendoza.gov.ar\/wp-content\/uploads\/sites\/5\/2017\/09\/IMG_emx6q7_1-120x99.jpg 120w, https:\/\/www.mendoza.gov.ar\/wp-content\/uploads\/sites\/5\/2017\/09\/IMG_emx6q7_1.jpg 1309w\" sizes=\"(max-width: 700px) 100vw, 700px\" \/><\/a><a data-toggle=\"modal\" data-dismiss=\"modal\" data-target=\"#106357\"><i class=\"text-white fa fa-chevron-right fa-4x\"><\/i><\/a><\/div>\n    <\/div>\n  <\/div>\n<\/div><div class='gallery-item' data-toggle='modal' data-target='#106357' id='r106357'>\n            <dt class='gallery-icon'>\n                <a style='cursor:pointer;'><img width='150' height='150' src='https:\/\/www.mendoza.gov.ar\/wp-content\/uploads\/sites\/5\/2017\/09\/DSC_7118-150x150.jpg' class='attachment-thumbnail size-thumbnail' alt='' href=''><\/a>\n             <\/dt><\/div><div class=\"modal fade bs-example-modal-lg\" id=\"106357\" tabindex=\"-1\" role=\"dialog\" aria-labelledby=\"myModalLabel\">\n  <div class=\"modal-dialog modal-lg\" role=\"document\">\n    <div class=\"\">\n      <div class=\"modal-body\" style=\"text-align: center;\"><a data-toggle=\"modal\" data-dismiss=\"modal\" data-target=\"#106356\"><i class=\"text-white fa fa-chevron-left fa-4x\"><\/i><\/a><a href='https:\/\/www.mendoza.gov.ar\/prensa\/el-gobernador-presento-la-refuncionalizacion-de-tres-edificios-policiales-en-san-martin\/dsc_7118\/'><img width=\"700\" height=\"467\" src=\"https:\/\/www.mendoza.gov.ar\/wp-content\/uploads\/sites\/5\/2017\/09\/DSC_7118-700x467.jpg\" class=\"attachment-large size-large\" alt=\"\" loading=\"lazy\" srcset=\"https:\/\/www.mendoza.gov.ar\/wp-content\/uploads\/sites\/5\/2017\/09\/DSC_7118-700x467.jpg 700w, https:\/\/www.mendoza.gov.ar\/wp-content\/uploads\/sites\/5\/2017\/09\/DSC_7118-250x167.jpg 250w, https:\/\/www.mendoza.gov.ar\/wp-content\/uploads\/sites\/5\/2017\/09\/DSC_7118-768x512.jpg 768w, https:\/\/www.mendoza.gov.ar\/wp-content\/uploads\/sites\/5\/2017\/09\/DSC_7118-120x80.jpg 120w, https:\/\/www.mendoza.gov.ar\/wp-content\/uploads\/sites\/5\/2017\/09\/DSC_7118.jpg 1620w\" sizes=\"(max-width: 700px) 100vw, 700px\" \/><\/a><a data-toggle=\"modal\" data-dismiss=\"modal\" data-target=\"#106358\"><i class=\"text-white fa fa-chevron-right fa-4x\"><\/i><\/a><\/div>\n    <\/div>\n  <\/div>\n<\/div><div class='gallery-item' data-toggle='modal' data-target='#106358' id='r106358'>\n            <dt class='gallery-icon'>\n                <a style='cursor:pointer;'><img width='150' height='150' src='https:\/\/www.mendoza.gov.ar\/wp-content\/uploads\/sites\/5\/2017\/09\/DSC_7091-150x150.jpg' class='attachment-thumbnail size-thumbnail' alt='' href=''><\/a>\n             <\/dt><\/div><div class=\"modal fade bs-example-modal-lg\" id=\"106358\" tabindex=\"-1\" role=\"dialog\" aria-labelledby=\"myModalLabel\">\n  <div class=\"modal-dialog modal-lg\" role=\"document\">\n    <div class=\"\">\n      <div class=\"modal-body\" style=\"text-align: center;\"><a data-toggle=\"modal\" data-dismiss=\"modal\" data-target=\"#106357\"><i class=\"text-white fa fa-chevron-left fa-4x\"><\/i><\/a><a href='https:\/\/www.mendoza.gov.ar\/prensa\/el-gobernador-presento-la-refuncionalizacion-de-tres-edificios-policiales-en-san-martin\/dsc_7091\/'><img width=\"700\" height=\"467\" src=\"https:\/\/www.mendoza.gov.ar\/wp-content\/uploads\/sites\/5\/2017\/09\/DSC_7091-700x467.jpg\" class=\"attachment-large size-large\" alt=\"\" loading=\"lazy\" srcset=\"https:\/\/www.mendoza.gov.ar\/wp-content\/uploads\/sites\/5\/2017\/09\/DSC_7091-700x467.jpg 700w, https:\/\/www.mendoza.gov.ar\/wp-content\/uploads\/sites\/5\/2017\/09\/DSC_7091-250x167.jpg 250w, https:\/\/www.mendoza.gov.ar\/wp-content\/uploads\/sites\/5\/2017\/09\/DSC_7091-768x512.jpg 768w, https:\/\/www.mendoza.gov.ar\/wp-content\/uploads\/sites\/5\/2017\/09\/DSC_7091-120x80.jpg 120w, https:\/\/www.mendoza.gov.ar\/wp-content\/uploads\/sites\/5\/2017\/09\/DSC_7091.jpg 1620w\" sizes=\"(max-width: 700px) 100vw, 700px\" \/><\/a><a data-toggle=\"modal\" data-dismiss=\"modal\" data-target=\"#106359\"><i class=\"text-white fa fa-chevron-right fa-4x\"><\/i><\/a><\/div>\n    <\/div>\n  <\/div>\n<\/div><div class='gallery-item' data-toggle='modal' data-target='#106359' id='r106359'>\n            <dt class='gallery-icon'>\n                <a style='cursor:pointer;'><img width='150' height='150' src='https:\/\/www.mendoza.gov.ar\/wp-content\/uploads\/sites\/5\/2017\/09\/DSC_7088-150x150.jpg' class='attachment-thumbnail size-thumbnail' alt='' href=''><\/a>\n             <\/dt><\/div><div class=\"modal fade bs-example-modal-lg\" id=\"106359\" tabindex=\"-1\" role=\"dialog\" aria-labelledby=\"myModalLabel\">\n  <div class=\"modal-dialog modal-lg\" role=\"document\">\n    <div class=\"\">\n      <div class=\"modal-body\" style=\"text-align: center;\"><a data-toggle=\"modal\" data-dismiss=\"modal\" data-target=\"#106358\"><i class=\"text-white fa fa-chevron-left fa-4x\"><\/i><\/a><a href='https:\/\/www.mendoza.gov.ar\/prensa\/el-gobernador-presento-la-refuncionalizacion-de-tres-edificios-policiales-en-san-martin\/dsc_7088\/'><img width=\"700\" height=\"467\" src=\"https:\/\/www.mendoza.gov.ar\/wp-content\/uploads\/sites\/5\/2017\/09\/DSC_7088-700x467.jpg\" class=\"attachment-large size-large\" alt=\"\" loading=\"lazy\" srcset=\"https:\/\/www.mendoza.gov.ar\/wp-content\/uploads\/sites\/5\/2017\/09\/DSC_7088-700x467.jpg 700w, https:\/\/www.mendoza.gov.ar\/wp-content\/uploads\/sites\/5\/2017\/09\/DSC_7088-250x167.jpg 250w, https:\/\/www.mendoza.gov.ar\/wp-content\/uploads\/sites\/5\/2017\/09\/DSC_7088-768x512.jpg 768w, https:\/\/www.mendoza.gov.ar\/wp-content\/uploads\/sites\/5\/2017\/09\/DSC_7088-120x80.jpg 120w, https:\/\/www.mendoza.gov.ar\/wp-content\/uploads\/sites\/5\/2017\/09\/DSC_7088.jpg 1620w\" sizes=\"(max-width: 700px) 100vw, 700px\" \/><\/a><a data-toggle=\"modal\" data-dismiss=\"modal\" data-target=\"#106389\"><i class=\"text-white fa fa-chevron-right fa-4x\"><\/i><\/a><\/div>\n    <\/div>\n  <\/div>\n<\/div><div class='gallery-item' data-toggle='modal' data-target='#106389' id='r106389'>\n            <dt class='gallery-icon'>\n                <a style='cursor:pointer;'><img width='150' height='150' src='https:\/\/www.mendoza.gov.ar\/wp-content\/uploads\/sites\/5\/2017\/09\/Comisar\u00eda-N\u00b028-Palmira-5-150x150.jpg' class='attachment-thumbnail size-thumbnail' alt='' href=''><\/a>\n             <\/dt><\/div><div class=\"modal fade bs-example-modal-lg\" id=\"106389\" tabindex=\"-1\" role=\"dialog\" aria-labelledby=\"myModalLabel\">\n  <div class=\"modal-dialog modal-lg\" role=\"document\">\n    <div class=\"\">\n      <div class=\"modal-body\" style=\"text-align: center;\"><a data-toggle=\"modal\" data-dismiss=\"modal\" data-target=\"#106359\"><i class=\"text-white fa fa-chevron-left fa-4x\"><\/i><\/a><a href='https:\/\/www.mendoza.gov.ar\/prensa\/el-gobernador-presento-la-refuncionalizacion-de-tres-edificios-policiales-en-san-martin\/comisaria-n28-palmira-5\/'><img width=\"700\" height=\"467\" src=\"https:\/\/www.mendoza.gov.ar\/wp-content\/uploads\/sites\/5\/2017\/09\/Comisar\u00eda-N\u00b028-Palmira-5-700x467.jpg\" class=\"attachment-large size-large\" alt=\"\" loading=\"lazy\" srcset=\"https:\/\/www.mendoza.gov.ar\/wp-content\/uploads\/sites\/5\/2017\/09\/Comisar\u00eda-N\u00b028-Palmira-5-700x467.jpg 700w, https:\/\/www.mendoza.gov.ar\/wp-content\/uploads\/sites\/5\/2017\/09\/Comisar\u00eda-N\u00b028-Palmira-5-250x167.jpg 250w, https:\/\/www.mendoza.gov.ar\/wp-content\/uploads\/sites\/5\/2017\/09\/Comisar\u00eda-N\u00b028-Palmira-5-768x513.jpg 768w, https:\/\/www.mendoza.gov.ar\/wp-content\/uploads\/sites\/5\/2017\/09\/Comisar\u00eda-N\u00b028-Palmira-5-120x80.jpg 120w\" sizes=\"(max-width: 700px) 100vw, 700px\" \/><\/a><a data-toggle=\"modal\" data-dismiss=\"modal\" data-target=\"#106390\"><i class=\"text-white fa fa-chevron-right fa-4x\"><\/i><\/a><\/div>\n    <\/div>\n  <\/div>\n<\/div><div class='gallery-item' data-toggle='modal' data-target='#106390' id='r106390'>\n            <dt class='gallery-icon'>\n                <a style='cursor:pointer;'><img width='150' height='150' src='https:\/\/www.mendoza.gov.ar\/wp-content\/uploads\/sites\/5\/2017\/09\/Comisar\u00eda-N\u00b028-Palmira-6-150x150.jpg' class='attachment-thumbnail size-thumbnail' alt='' href=''><\/a>\n             <\/dt><\/div><div class=\"modal fade bs-example-modal-lg\" id=\"106390\" tabindex=\"-1\" role=\"dialog\" aria-labelledby=\"myModalLabel\">\n  <div class=\"modal-dialog modal-lg\" role=\"document\">\n    <div class=\"\">\n      <div class=\"modal-body\" style=\"text-align: center;\"><a data-toggle=\"modal\" data-dismiss=\"modal\" data-target=\"#106389\"><i class=\"text-white fa fa-chevron-left fa-4x\"><\/i><\/a><a href='https:\/\/www.mendoza.gov.ar\/prensa\/el-gobernador-presento-la-refuncionalizacion-de-tres-edificios-policiales-en-san-martin\/comisaria-n28-palmira-6\/'><img width=\"700\" height=\"467\" src=\"https:\/\/www.mendoza.gov.ar\/wp-content\/uploads\/sites\/5\/2017\/09\/Comisar\u00eda-N\u00b028-Palmira-6-700x467.jpg\" class=\"attachment-large size-large\" alt=\"\" loading=\"lazy\" srcset=\"https:\/\/www.mendoza.gov.ar\/wp-content\/uploads\/sites\/5\/2017\/09\/Comisar\u00eda-N\u00b028-Palmira-6-700x467.jpg 700w, https:\/\/www.mendoza.gov.ar\/wp-content\/uploads\/sites\/5\/2017\/09\/Comisar\u00eda-N\u00b028-Palmira-6-250x167.jpg 250w, https:\/\/www.mendoza.gov.ar\/wp-content\/uploads\/sites\/5\/2017\/09\/Comisar\u00eda-N\u00b028-Palmira-6-768x513.jpg 768w, https:\/\/www.mendoza.gov.ar\/wp-content\/uploads\/sites\/5\/2017\/09\/Comisar\u00eda-N\u00b028-Palmira-6-120x80.jpg 120w\" sizes=\"(max-width: 700px) 100vw, 700px\" \/><\/a><a data-toggle=\"modal\" data-dismiss=\"modal\" data-target=\"#106391\"><i class=\"text-white fa fa-chevron-right fa-4x\"><\/i><\/a><\/div>\n    <\/div>\n  <\/div>\n<\/div><div class='gallery-item' data-toggle='modal' data-target='#106391' id='r106391'>\n            <dt class='gallery-icon'>\n                <a style='cursor:pointer;'><img width='150' height='150' src='https:\/\/www.mendoza.gov.ar\/wp-content\/uploads\/sites\/5\/2017\/09\/Comisr\u00eda-N\u00b039-1-150x150.jpg' class='attachment-thumbnail size-thumbnail' alt='' href=''><\/a>\n             <\/dt><\/div><div class=\"modal fade bs-example-modal-lg\" id=\"106391\" tabindex=\"-1\" role=\"dialog\" aria-labelledby=\"myModalLabel\">\n  <div class=\"modal-dialog modal-lg\" role=\"document\">\n    <div class=\"\">\n      <div class=\"modal-body\" style=\"text-align: center;\"><a data-toggle=\"modal\" data-dismiss=\"modal\" data-target=\"#106390\"><i class=\"text-white fa fa-chevron-left fa-4x\"><\/i><\/a><a href='https:\/\/www.mendoza.gov.ar\/prensa\/el-gobernador-presento-la-refuncionalizacion-de-tres-edificios-policiales-en-san-martin\/comisria-n39-1\/'><img width=\"700\" height=\"500\" src=\"https:\/\/www.mendoza.gov.ar\/wp-content\/uploads\/sites\/5\/2017\/09\/Comisr\u00eda-N\u00b039-1-700x500.jpg\" class=\"attachment-large size-large\" alt=\"\" loading=\"lazy\" srcset=\"https:\/\/www.mendoza.gov.ar\/wp-content\/uploads\/sites\/5\/2017\/09\/Comisr\u00eda-N\u00b039-1-700x500.jpg 700w, https:\/\/www.mendoza.gov.ar\/wp-content\/uploads\/sites\/5\/2017\/09\/Comisr\u00eda-N\u00b039-1-250x179.jpg 250w, https:\/\/www.mendoza.gov.ar\/wp-content\/uploads\/sites\/5\/2017\/09\/Comisr\u00eda-N\u00b039-1-768x549.jpg 768w, https:\/\/www.mendoza.gov.ar\/wp-content\/uploads\/sites\/5\/2017\/09\/Comisr\u00eda-N\u00b039-1-120x86.jpg 120w\" sizes=\"(max-width: 700px) 100vw, 700px\" \/><\/a><a data-toggle=\"modal\" data-dismiss=\"modal\" data-target=\"#106392\"><i class=\"text-white fa fa-chevron-right fa-4x\"><\/i><\/a><\/div>\n    <\/div>\n  <\/div>\n<\/div><div class='gallery-item' data-toggle='modal' data-target='#106392' id='r106392'>\n            <dt class='gallery-icon'>\n                <a style='cursor:pointer;'><img width='150' height='150' src='https:\/\/www.mendoza.gov.ar\/wp-content\/uploads\/sites\/5\/2017\/09\/Comisr\u00eda-N\u00b039-2-150x150.jpg' class='attachment-thumbnail size-thumbnail' alt='' href=''><\/a>\n             <\/dt><\/div><div class=\"modal fade bs-example-modal-lg\" id=\"106392\" tabindex=\"-1\" role=\"dialog\" aria-labelledby=\"myModalLabel\">\n  <div class=\"modal-dialog modal-lg\" role=\"document\">\n    <div class=\"\">\n      <div class=\"modal-body\" style=\"text-align: center;\"><a data-toggle=\"modal\" data-dismiss=\"modal\" data-target=\"#106391\"><i class=\"text-white fa fa-chevron-left fa-4x\"><\/i><\/a><a href='https:\/\/www.mendoza.gov.ar\/prensa\/el-gobernador-presento-la-refuncionalizacion-de-tres-edificios-policiales-en-san-martin\/comisria-n39-2\/'><img width=\"700\" height=\"467\" src=\"https:\/\/www.mendoza.gov.ar\/wp-content\/uploads\/sites\/5\/2017\/09\/Comisr\u00eda-N\u00b039-2-700x467.jpg\" class=\"attachment-large size-large\" alt=\"\" loading=\"lazy\" srcset=\"https:\/\/www.mendoza.gov.ar\/wp-content\/uploads\/sites\/5\/2017\/09\/Comisr\u00eda-N\u00b039-2-700x467.jpg 700w, https:\/\/www.mendoza.gov.ar\/wp-content\/uploads\/sites\/5\/2017\/09\/Comisr\u00eda-N\u00b039-2-250x167.jpg 250w, https:\/\/www.mendoza.gov.ar\/wp-content\/uploads\/sites\/5\/2017\/09\/Comisr\u00eda-N\u00b039-2-768x513.jpg 768w, https:\/\/www.mendoza.gov.ar\/wp-content\/uploads\/sites\/5\/2017\/09\/Comisr\u00eda-N\u00b039-2-120x80.jpg 120w\" sizes=\"(max-width: 700px) 100vw, 700px\" \/><\/a><a data-toggle=\"modal\" data-dismiss=\"modal\" data-target=\"#106393\"><i class=\"text-white fa fa-chevron-right fa-4x\"><\/i><\/a><\/div>\n    <\/div>\n  <\/div>\n<\/div><div class='gallery-item' data-toggle='modal' data-target='#106393' id='r106393'>\n            <dt class='gallery-icon'>\n                <a style='cursor:pointer;'><img width='150' height='150' src='https:\/\/www.mendoza.gov.ar\/wp-content\/uploads\/sites\/5\/2017\/09\/Comisr\u00eda-N\u00b039-3-150x150.jpg' class='attachment-thumbnail size-thumbnail' alt='' href=''><\/a>\n             <\/dt><\/div><div class=\"modal fade bs-example-modal-lg\" id=\"106393\" tabindex=\"-1\" role=\"dialog\" aria-labelledby=\"myModalLabel\">\n  <div class=\"modal-dialog modal-lg\" role=\"document\">\n    <div class=\"\">\n      <div class=\"modal-body\" style=\"text-align: center;\"><a data-toggle=\"modal\" data-dismiss=\"modal\" data-target=\"#106392\"><i class=\"text-white fa fa-chevron-left fa-4x\"><\/i><\/a><a href='https:\/\/www.mendoza.gov.ar\/prensa\/el-gobernador-presento-la-refuncionalizacion-de-tres-edificios-policiales-en-san-martin\/comisria-n39-3\/'><img width=\"700\" height=\"467\" src=\"https:\/\/www.mendoza.gov.ar\/wp-content\/uploads\/sites\/5\/2017\/09\/Comisr\u00eda-N\u00b039-3-700x467.jpg\" class=\"attachment-large size-large\" alt=\"\" loading=\"lazy\" srcset=\"https:\/\/www.mendoza.gov.ar\/wp-content\/uploads\/sites\/5\/2017\/09\/Comisr\u00eda-N\u00b039-3-700x467.jpg 700w, https:\/\/www.mendoza.gov.ar\/wp-content\/uploads\/sites\/5\/2017\/09\/Comisr\u00eda-N\u00b039-3-250x167.jpg 250w, https:\/\/www.mendoza.gov.ar\/wp-content\/uploads\/sites\/5\/2017\/09\/Comisr\u00eda-N\u00b039-3-768x513.jpg 768w, https:\/\/www.mendoza.gov.ar\/wp-content\/uploads\/sites\/5\/2017\/09\/Comisr\u00eda-N\u00b039-3-120x80.jpg 120w\" sizes=\"(max-width: 700px) 100vw, 700px\" \/><\/a><a data-toggle=\"modal\" data-dismiss=\"modal\" data-target=\"#106394\"><i class=\"text-white fa fa-chevron-right fa-4x\"><\/i><\/a><\/div>\n    <\/div>\n  <\/div>\n<\/div><div class='gallery-item' data-toggle='modal' data-target='#106394' id='r106394'>\n            <dt class='gallery-icon'>\n                <a style='cursor:pointer;'><img width='150' height='150' src='https:\/\/www.mendoza.gov.ar\/wp-content\/uploads\/sites\/5\/2017\/09\/Comisr\u00eda-N\u00b039-4-150x150.jpg' class='attachment-thumbnail size-thumbnail' alt='' href=''><\/a>\n             <\/dt><\/div><div class=\"modal fade bs-example-modal-lg\" id=\"106394\" tabindex=\"-1\" role=\"dialog\" aria-labelledby=\"myModalLabel\">\n  <div class=\"modal-dialog modal-lg\" role=\"document\">\n    <div class=\"\">\n      <div class=\"modal-body\" style=\"text-align: center;\"><a data-toggle=\"modal\" data-dismiss=\"modal\" data-target=\"#106393\"><i class=\"text-white fa fa-chevron-left fa-4x\"><\/i><\/a><a href='https:\/\/www.mendoza.gov.ar\/prensa\/el-gobernador-presento-la-refuncionalizacion-de-tres-edificios-policiales-en-san-martin\/comisria-n39-4\/'><img width=\"700\" height=\"467\" src=\"https:\/\/www.mendoza.gov.ar\/wp-content\/uploads\/sites\/5\/2017\/09\/Comisr\u00eda-N\u00b039-4-700x467.jpg\" class=\"attachment-large size-large\" alt=\"\" loading=\"lazy\" srcset=\"https:\/\/www.mendoza.gov.ar\/wp-content\/uploads\/sites\/5\/2017\/09\/Comisr\u00eda-N\u00b039-4-700x467.jpg 700w, https:\/\/www.mendoza.gov.ar\/wp-content\/uploads\/sites\/5\/2017\/09\/Comisr\u00eda-N\u00b039-4-250x167.jpg 250w, https:\/\/www.mendoza.gov.ar\/wp-content\/uploads\/sites\/5\/2017\/09\/Comisr\u00eda-N\u00b039-4-768x513.jpg 768w, https:\/\/www.mendoza.gov.ar\/wp-content\/uploads\/sites\/5\/2017\/09\/Comisr\u00eda-N\u00b039-4-120x80.jpg 120w\" sizes=\"(max-width: 700px) 100vw, 700px\" \/><\/a><a data-toggle=\"modal\" data-dismiss=\"modal\" data-target=\"#106395\"><i class=\"text-white fa fa-chevron-right fa-4x\"><\/i><\/a><\/div>\n    <\/div>\n  <\/div>\n<\/div><div class='gallery-item' data-toggle='modal' data-target='#106395' id='r106395'>\n            <dt class='gallery-icon'>\n                <a style='cursor:pointer;'><img width='150' height='150' src='https:\/\/www.mendoza.gov.ar\/wp-content\/uploads\/sites\/5\/2017\/09\/Destacamento-San-Pedro-1-150x150.jpg' class='attachment-thumbnail size-thumbnail' alt='' href=''><\/a>\n             <\/dt><\/div><div class=\"modal fade bs-example-modal-lg\" id=\"106395\" tabindex=\"-1\" role=\"dialog\" aria-labelledby=\"myModalLabel\">\n  <div class=\"modal-dialog modal-lg\" role=\"document\">\n    <div class=\"\">\n      <div class=\"modal-body\" style=\"text-align: center;\"><a data-toggle=\"modal\" data-dismiss=\"modal\" data-target=\"#106394\"><i class=\"text-white fa fa-chevron-left fa-4x\"><\/i><\/a><a href='https:\/\/www.mendoza.gov.ar\/prensa\/el-gobernador-presento-la-refuncionalizacion-de-tres-edificios-policiales-en-san-martin\/destacamento-san-pedro-1\/'><img width=\"700\" height=\"467\" src=\"https:\/\/www.mendoza.gov.ar\/wp-content\/uploads\/sites\/5\/2017\/09\/Destacamento-San-Pedro-1-700x467.jpg\" class=\"attachment-large size-large\" alt=\"\" loading=\"lazy\" srcset=\"https:\/\/www.mendoza.gov.ar\/wp-content\/uploads\/sites\/5\/2017\/09\/Destacamento-San-Pedro-1-700x467.jpg 700w, https:\/\/www.mendoza.gov.ar\/wp-content\/uploads\/sites\/5\/2017\/09\/Destacamento-San-Pedro-1-250x167.jpg 250w, https:\/\/www.mendoza.gov.ar\/wp-content\/uploads\/sites\/5\/2017\/09\/Destacamento-San-Pedro-1-768x513.jpg 768w, https:\/\/www.mendoza.gov.ar\/wp-content\/uploads\/sites\/5\/2017\/09\/Destacamento-San-Pedro-1-120x80.jpg 120w\" sizes=\"(max-width: 700px) 100vw, 700px\" \/><\/a><a data-toggle=\"modal\" data-dismiss=\"modal\" data-target=\"#106396\"><i class=\"text-white fa fa-chevron-right fa-4x\"><\/i><\/a><\/div>\n    <\/div>\n  <\/div>\n<\/div><div class='gallery-item' data-toggle='modal' data-target='#106396' id='r106396'>\n            <dt class='gallery-icon'>\n                <a style='cursor:pointer;'><img width='150' height='150' src='https:\/\/www.mendoza.gov.ar\/wp-content\/uploads\/sites\/5\/2017\/09\/Destacamento-San-Pedro-2-150x150.jpg' class='attachment-thumbnail size-thumbnail' alt='' href=''><\/a>\n             <\/dt><\/div><div class=\"modal fade bs-example-modal-lg\" id=\"106396\" tabindex=\"-1\" role=\"dialog\" aria-labelledby=\"myModalLabel\">\n  <div class=\"modal-dialog modal-lg\" role=\"document\">\n    <div class=\"\">\n      <div class=\"modal-body\" style=\"text-align: center;\"><a data-toggle=\"modal\" data-dismiss=\"modal\" data-target=\"#106395\"><i class=\"text-white fa fa-chevron-left fa-4x\"><\/i><\/a><a href='https:\/\/www.mendoza.gov.ar\/prensa\/el-gobernador-presento-la-refuncionalizacion-de-tres-edificios-policiales-en-san-martin\/destacamento-san-pedro-2\/'><img width=\"700\" height=\"467\" src=\"https:\/\/www.mendoza.gov.ar\/wp-content\/uploads\/sites\/5\/2017\/09\/Destacamento-San-Pedro-2-700x467.jpg\" class=\"attachment-large size-large\" alt=\"\" loading=\"lazy\" srcset=\"https:\/\/www.mendoza.gov.ar\/wp-content\/uploads\/sites\/5\/2017\/09\/Destacamento-San-Pedro-2-700x467.jpg 700w, https:\/\/www.mendoza.gov.ar\/wp-content\/uploads\/sites\/5\/2017\/09\/Destacamento-San-Pedro-2-250x167.jpg 250w, https:\/\/www.mendoza.gov.ar\/wp-content\/uploads\/sites\/5\/2017\/09\/Destacamento-San-Pedro-2-768x513.jpg 768w, https:\/\/www.mendoza.gov.ar\/wp-content\/uploads\/sites\/5\/2017\/09\/Destacamento-San-Pedro-2-120x80.jpg 120w\" sizes=\"(max-width: 700px) 100vw, 700px\" \/><\/a><a data-toggle=\"modal\" data-dismiss=\"modal\" data-target=\"#106397\"><i class=\"text-white fa fa-chevron-right fa-4x\"><\/i><\/a><\/div>\n    <\/div>\n  <\/div>\n<\/div><div class='gallery-item' data-toggle='modal' data-target='#106397' id='r106397'>\n            <dt class='gallery-icon'>\n                <a style='cursor:pointer;'><img width='150' height='150' src='https:\/\/www.mendoza.gov.ar\/wp-content\/uploads\/sites\/5\/2017\/09\/Destacamento-San-Pedro-3-150x150.jpg' class='attachment-thumbnail size-thumbnail' alt='' href=''><\/a>\n             <\/dt><\/div><div class=\"modal fade bs-example-modal-lg\" id=\"106397\" tabindex=\"-1\" role=\"dialog\" aria-labelledby=\"myModalLabel\">\n  <div class=\"modal-dialog modal-lg\" role=\"document\">\n    <div class=\"\">\n      <div class=\"modal-body\" style=\"text-align: center;\"><a data-toggle=\"modal\" data-dismiss=\"modal\" data-target=\"#106396\"><i class=\"text-white fa fa-chevron-left fa-4x\"><\/i><\/a><a href='https:\/\/www.mendoza.gov.ar\/prensa\/el-gobernador-presento-la-refuncionalizacion-de-tres-edificios-policiales-en-san-martin\/destacamento-san-pedro-3\/'><img width=\"700\" height=\"504\" src=\"https:\/\/www.mendoza.gov.ar\/wp-content\/uploads\/sites\/5\/2017\/09\/Destacamento-San-Pedro-3-700x504.jpg\" class=\"attachment-large size-large\" alt=\"\" loading=\"lazy\" srcset=\"https:\/\/www.mendoza.gov.ar\/wp-content\/uploads\/sites\/5\/2017\/09\/Destacamento-San-Pedro-3-700x504.jpg 700w, https:\/\/www.mendoza.gov.ar\/wp-content\/uploads\/sites\/5\/2017\/09\/Destacamento-San-Pedro-3-250x180.jpg 250w, https:\/\/www.mendoza.gov.ar\/wp-content\/uploads\/sites\/5\/2017\/09\/Destacamento-San-Pedro-3-768x553.jpg 768w, https:\/\/www.mendoza.gov.ar\/wp-content\/uploads\/sites\/5\/2017\/09\/Destacamento-San-Pedro-3-120x86.jpg 120w\" sizes=\"(max-width: 700px) 100vw, 700px\" \/><\/a><a data-toggle=\"modal\" data-dismiss=\"modal\" data-target=\"#106398\"><i class=\"text-white fa fa-chevron-right fa-4x\"><\/i><\/a><\/div>\n    <\/div>\n  <\/div>\n<\/div><div class='gallery-item' data-toggle='modal' data-target='#106398' id='r106398'>\n            <dt class='gallery-icon'>\n                <a style='cursor:pointer;'><img width='150' height='150' src='https:\/\/www.mendoza.gov.ar\/wp-content\/uploads\/sites\/5\/2017\/09\/Destacamento-San-Pedro-4-150x150.jpg' class='attachment-thumbnail size-thumbnail' alt='' href=''><\/a>\n             <\/dt><\/div><div class=\"modal fade bs-example-modal-lg\" id=\"106398\" tabindex=\"-1\" role=\"dialog\" aria-labelledby=\"myModalLabel\">\n  <div class=\"modal-dialog modal-lg\" role=\"document\">\n    <div class=\"\">\n      <div class=\"modal-body\" style=\"text-align: center;\"><a data-toggle=\"modal\" data-dismiss=\"modal\" data-target=\"#106397\"><i class=\"text-white fa fa-chevron-left fa-4x\"><\/i><\/a><a href='https:\/\/www.mendoza.gov.ar\/prensa\/el-gobernador-presento-la-refuncionalizacion-de-tres-edificios-policiales-en-san-martin\/destacamento-san-pedro-4\/'><img width=\"700\" height=\"467\" src=\"https:\/\/www.mendoza.gov.ar\/wp-content\/uploads\/sites\/5\/2017\/09\/Destacamento-San-Pedro-4-700x467.jpg\" class=\"attachment-large size-large\" alt=\"\" loading=\"lazy\" srcset=\"https:\/\/www.mendoza.gov.ar\/wp-content\/uploads\/sites\/5\/2017\/09\/Destacamento-San-Pedro-4-700x467.jpg 700w, https:\/\/www.mendoza.gov.ar\/wp-content\/uploads\/sites\/5\/2017\/09\/Destacamento-San-Pedro-4-250x167.jpg 250w, https:\/\/www.mendoza.gov.ar\/wp-content\/uploads\/sites\/5\/2017\/09\/Destacamento-San-Pedro-4-768x513.jpg 768w, https:\/\/www.mendoza.gov.ar\/wp-content\/uploads\/sites\/5\/2017\/09\/Destacamento-San-Pedro-4-120x80.jpg 120w\" sizes=\"(max-width: 700px) 100vw, 700px\" \/><\/a><a data-toggle=\"modal\" data-dismiss=\"modal\" data-target=\"#106399\"><i class=\"text-white fa fa-chevron-right fa-4x\"><\/i><\/a><\/div>\n    <\/div>\n  <\/div>\n<\/div><div class='gallery-item' data-toggle='modal' data-target='#106399' id='r106399'>\n            <dt class='gallery-icon'>\n                <a style='cursor:pointer;'><img width='150' height='150' src='https:\/\/www.mendoza.gov.ar\/wp-content\/uploads\/sites\/5\/2017\/09\/Destacamento-San-Pedro-5-150x150.jpg' class='attachment-thumbnail size-thumbnail' alt='' href=''><\/a>\n             <\/dt><\/div><div class=\"modal fade bs-example-modal-lg\" id=\"106399\" tabindex=\"-1\" role=\"dialog\" aria-labelledby=\"myModalLabel\">\n  <div class=\"modal-dialog modal-lg\" role=\"document\">\n    <div class=\"\">\n      <div class=\"modal-body\" style=\"text-align: center;\"><a data-toggle=\"modal\" data-dismiss=\"modal\" data-target=\"#106398\"><i class=\"text-white fa fa-chevron-left fa-4x\"><\/i><\/a><a href='https:\/\/www.mendoza.gov.ar\/prensa\/el-gobernador-presento-la-refuncionalizacion-de-tres-edificios-policiales-en-san-martin\/destacamento-san-pedro-5\/'><img width=\"700\" height=\"467\" src=\"https:\/\/www.mendoza.gov.ar\/wp-content\/uploads\/sites\/5\/2017\/09\/Destacamento-San-Pedro-5-700x467.jpg\" class=\"attachment-large size-large\" alt=\"\" loading=\"lazy\" srcset=\"https:\/\/www.mendoza.gov.ar\/wp-content\/uploads\/sites\/5\/2017\/09\/Destacamento-San-Pedro-5-700x467.jpg 700w, https:\/\/www.mendoza.gov.ar\/wp-content\/uploads\/sites\/5\/2017\/09\/Destacamento-San-Pedro-5-250x167.jpg 250w, https:\/\/www.mendoza.gov.ar\/wp-content\/uploads\/sites\/5\/2017\/09\/Destacamento-San-Pedro-5-768x513.jpg 768w, https:\/\/www.mendoza.gov.ar\/wp-content\/uploads\/sites\/5\/2017\/09\/Destacamento-San-Pedro-5-120x80.jpg 120w\" sizes=\"(max-width: 700px) 100vw, 700px\" \/><\/a><a data-toggle=\"modal\" data-dismiss=\"modal\" data-target=\"#106400\"><i class=\"text-white fa fa-chevron-right fa-4x\"><\/i><\/a><\/div>\n    <\/div>\n  <\/div>\n<\/div><div class='gallery-item' data-toggle='modal' data-target='#106400' id='r106400'>\n            <dt class='gallery-icon'>\n                <a style='cursor:pointer;'><img width='150' height='150' src='https:\/\/www.mendoza.gov.ar\/wp-content\/uploads\/sites\/5\/2017\/09\/Destacamento-San-Pedro-6-150x150.jpg' class='attachment-thumbnail size-thumbnail' alt='' href=''><\/a>\n             <\/dt><\/div><div class=\"modal fade bs-example-modal-lg\" id=\"106400\" tabindex=\"-1\" role=\"dialog\" aria-labelledby=\"myModalLabel\">\n  <div class=\"modal-dialog modal-lg\" role=\"document\">\n    <div class=\"\">\n      <div class=\"modal-body\" style=\"text-align: center;\"><a data-toggle=\"modal\" data-dismiss=\"modal\" data-target=\"#106399\"><i class=\"text-white fa fa-chevron-left fa-4x\"><\/i><\/a><a href='https:\/\/www.mendoza.gov.ar\/prensa\/el-gobernador-presento-la-refuncionalizacion-de-tres-edificios-policiales-en-san-martin\/destacamento-san-pedro-6\/'><img width=\"700\" height=\"467\" src=\"https:\/\/www.mendoza.gov.ar\/wp-content\/uploads\/sites\/5\/2017\/09\/Destacamento-San-Pedro-6-700x467.jpg\" class=\"attachment-large size-large\" alt=\"\" loading=\"lazy\" srcset=\"https:\/\/www.mendoza.gov.ar\/wp-content\/uploads\/sites\/5\/2017\/09\/Destacamento-San-Pedro-6-700x467.jpg 700w, https:\/\/www.mendoza.gov.ar\/wp-content\/uploads\/sites\/5\/2017\/09\/Destacamento-San-Pedro-6-250x167.jpg 250w, https:\/\/www.mendoza.gov.ar\/wp-content\/uploads\/sites\/5\/2017\/09\/Destacamento-San-Pedro-6-768x513.jpg 768w, https:\/\/www.mendoza.gov.ar\/wp-content\/uploads\/sites\/5\/2017\/09\/Destacamento-San-Pedro-6-120x80.jpg 120w\" sizes=\"(max-width: 700px) 100vw, 700px\" \/><\/a><a data-toggle=\"modal\" data-dismiss=\"modal\" data-target=\"#106355\"><i class=\"text-white fa fa-chevron-right fa-4x\"><\/i><\/a><\/div>\n    <\/div>\n  <\/div>\n<\/div>\n            <br style='clear: both;' \/>\n        <\/div>\n\n<\/body><\/html>\n","protected":false},"excerpt":{"rendered":"Se trata de las comisar&iacute;as 39 y 28&nbsp; y el Destacamento Policial del barrio San Pedro. Los edificios necesitaron importantes trabajos de reparaci&oacute;n. (Audio) Durante su recorrida por el departamento del Este, el Gobernador Alfredo Cornejo present&oacute; la refuncionalizaci&oacute;n de tres edificios policiales. Se trata de dos comisar&iacute;as, la 28 del distrito de Palmira, y&#8230; <a class=\"view-article\" href=\"https:\/\/www.mendoza.gov.ar\/prensa\/el-gobernador-presento-la-refuncionalizacion-de-tres-edificios-policiales-en-san-martin\/\"><\/a>","protected":false},"author":66,"featured_media":106355,"comment_status":"open","ping_status":"open","sticky":false,"template":"","format":"standard","meta":[],"categories":[19],"tags":[],"_links":{"self":[{"href":"https:\/\/www.mendoza.gov.ar\/prensa\/wp-json\/wp\/v2\/posts\/106347"}],"collection":[{"href":"https:\/\/www.mendoza.gov.ar\/prensa\/wp-json\/wp\/v2\/posts"}],"about":[{"href":"https:\/\/www.mendoza.gov.ar\/prensa\/wp-json\/wp\/v2\/types\/post"}],"author":[{"embeddable":true,"href":"https:\/\/www.mendoza.gov.ar\/prensa\/wp-json\/wp\/v2\/users\/66"}],"replies":[{"embeddable":true,"href":"https:\/\/www.mendoza.gov.ar\/prensa\/wp-json\/wp\/v2\/comments?post=106347"}],"version-history":[{"count":8,"href":"https:\/\/www.mendoza.gov.ar\/prensa\/wp-json\/wp\/v2\/posts\/106347\/revisions"}],"predecessor-version":[{"id":106442,"href":"https:\/\/www.mendoza.gov.ar\/prensa\/wp-json\/wp\/v2\/posts\/106347\/revisions\/106442"}],"wp:featuredmedia":[{"embeddable":true,"href":"https:\/\/www.mendoza.gov.ar\/prensa\/wp-json\/wp\/v2\/media\/106355"}],"wp:attachment":[{"href":"https:\/\/www.mendoza.gov.ar\/prensa\/wp-json\/wp\/v2\/media?parent=106347"}],"wp:term":[{"taxonomy":"category","embeddable":true,"href":"https:\/\/www.mendoza.gov.ar\/prensa\/wp-json\/wp\/v2\/categories?post=106347"},{"taxonomy":"post_tag","embeddable":true,"href":"https:\/\/www.mendoza.gov.ar\/prensa\/wp-json\/wp\/v2\/tags?post=106347"}],"curies":[{"name":"wp","href":"https:\/\/api.w.org\/{rel}","templated":true}]}}